{"id":1004,"date":"2013-01-15T12:52:08","date_gmt":"2013-01-15T11:52:08","guid":{"rendered":"https:\/\/inclusioaltemporda.cat\/portal\/?p=1004"},"modified":"2016-02-01T09:21:54","modified_gmt":"2016-02-01T08:21:54","slug":"el-projecte-mes-grans-de-suport-entre-generacions-i-families-ja-es-una-realitat-a-lalt-emporda","status":"publish","type":"post","link":"https:\/\/inclusioaltemporda.cat\/portal\/el-projecte-mes-grans-de-suport-entre-generacions-i-families-ja-es-una-realitat-a-lalt-emporda\/","title":{"rendered":"El projecte &#8220;M\u00e9s Grans&#8221; de suport entre generacions i fam\u00edlies ja \u00e9s una realitat a l&#8217;Alt Empord\u00e0"},"content":{"rendered":"<p><!--:CA--><\/p>\n<p align=\"JUSTIFY\"><a href=\"https:\/\/inclusioaltemporda.cat\/portal\/wp-content\/uploads\/M\u00e9s-grans-web3.jpg\"><img loading=\"lazy\" decoding=\"async\" class=\"aligncenter size-full wp-image-1013\" title=\"M\u00e9s grans web\" src=\"https:\/\/inclusioaltemporda.cat\/portal\/wp-content\/uploads\/M\u00e9s-grans-web3.jpg\" alt=\"\" width=\"500\" height=\"426\" srcset=\"https:\/\/inclusioaltemporda.cat\/portal\/wp-content\/uploads\/M\u00e9s-grans-web3.jpg 500w, https:\/\/inclusioaltemporda.cat\/portal\/wp-content\/uploads\/M\u00e9s-grans-web3-300x255.jpg 300w\" sizes=\"auto, (max-width: 500px) 100vw, 500px\" \/><\/a>L&#8217;\u00c0rea de Benestar del\u00a0 Consell Comarcal de l&#8217;Alt Empord\u00e0 participa en el projecte &#8220;M\u00e9s Grans&#8221; de mentoratge i suport social intergeneracional impulsat per la <a title=\"Fundaci\u00f3 Catalunya Volunt\u00e0ria\" href=\"http:\/\/www.catalunyavoluntaria.cat\/web\/mapa-web\/mesprogrames\/mesgrans\/\">Fundaci\u00f3 Catalunya Volunt\u00e0ria<\/a>, que compta amb el suport del departament de Benestar i Fam\u00edlia de la Generalitat.<\/p>\n<p align=\"JUSTIFY\">El projecte &#8220;M\u00e9s Grans&#8221;,\u00a0que s&#8217;emmarca en les activitats de l&#8217;<a title=\"Any Europeu de l'Envelliment Actiu\" href=\"http:\/\/www20.gencat.cat\/portal\/site\/bsf\/menuitem.c7a2fef9da184241e42a63a7b0c0e1a0\/?vgnextoid=3e31b9ce1a7f5310VgnVCM2000009b0c1e0aRCRD&amp;vgnextchannel=3e31b9ce1a7f5310VgnVCM2000009b0c1e0aRCRD\">Any Europeu de l&#8217;Envelliment Actiu i de la solidaritat intergeneracional<\/a>,\u00a0 t\u00e9 com a finalitat afavorir l&#8217;intercanvi i la solidaritat entre generacions (hi participen persones de m\u00e9s de 55 anys, pares i\/o mares i infants), tot promovent experi\u00e8ncies de suport familiar a la comarca que generin un valor social afegit. L&#8217;experi\u00e8ncia pilot a l&#8217;Alt Empord\u00e0 ja compta amb 3 fam\u00edlies actives que hi estan treballant i l&#8217;objectiu \u00e9s arribar a promoure aquest intercanvi intergeneracional amb 10 grups familiars.<\/p>\n<p>Les persones s\u00e8niors que participen en el projecte (sols o en parella) fan de mentors amb fam\u00edlies de risc social lleu mancades de xarxa social. Els mentors s\u00f3n les persones que ofereixen volunt\u00e0riament el seu temps per donar suport i encoratjar altres persones que es troben en situaci\u00f3 de desaventatge, compartint experi\u00e8ncies i coneixements durant\u00a0 un temps.<\/p>\n<p>&nbsp;<!--:--><!--:en--><\/p>\n<p><!--:--><!--:fr--><\/p>\n<p><!--:--><!--:es--><\/p>\n<p><!--:--><\/p>\n","protected":false},"excerpt":{"rendered":"<p>L&#8217;\u00c0rea de Benestar del\u00a0 Consell Comarcal de l&#8217;Alt Empord\u00e0 participa en el projecte &#8220;M\u00e9s Grans&#8221; de mentoratge i suport social intergeneracional impulsat per la Fundaci\u00f3 Catalunya Volunt\u00e0ria, que compta amb&hellip;<\/p>\n","protected":false},"author":3,"featured_media":0,"comment_status":"closed","ping_status":"closed","sticky":false,"template":"","format":"standard","meta":{"footnotes":""},"categories":[1],"tags":[27,24,31],"class_list":["post-1004","post","type-post","status-publish","format-standard","hentry","category-general","tag-benestar-ccae","tag-inclusio-social","tag-projecte-mes-grans","category-1","description-off"],"_links":{"self":[{"href":"https:\/\/inclusioaltemporda.cat\/portal\/wp-json\/wp\/v2\/posts\/1004","targetHints":{"allow":["GET"]}}],"collection":[{"href":"https:\/\/inclusioaltemporda.cat\/portal\/wp-json\/wp\/v2\/posts"}],"about":[{"href":"https:\/\/inclusioaltemporda.cat\/portal\/wp-json\/wp\/v2\/types\/post"}],"author":[{"embeddable":true,"href":"https:\/\/inclusioaltemporda.cat\/portal\/wp-json\/wp\/v2\/users\/3"}],"replies":[{"embeddable":true,"href":"https:\/\/inclusioaltemporda.cat\/portal\/wp-json\/wp\/v2\/comments?post=1004"}],"version-history":[{"count":9,"href":"https:\/\/inclusioaltemporda.cat\/portal\/wp-json\/wp\/v2\/posts\/1004\/revisions"}],"predecessor-version":[{"id":3383,"href":"https:\/\/inclusioaltemporda.cat\/portal\/wp-json\/wp\/v2\/posts\/1004\/revisions\/3383"}],"wp:attachment":[{"href":"https:\/\/inclusioaltemporda.cat\/portal\/wp-json\/wp\/v2\/media?parent=1004"}],"wp:term":[{"taxonomy":"category","embeddable":true,"href":"https:\/\/inclusioaltemporda.cat\/portal\/wp-json\/wp\/v2\/categories?post=1004"},{"taxonomy":"post_tag","embeddable":true,"href":"https:\/\/inclusioaltemporda.cat\/portal\/wp-json\/wp\/v2\/tags?post=1004"}],"curies":[{"name":"wp","href":"https:\/\/api.w.org\/{rel}","templated":true}]}}