{"id":1015,"date":"2013-02-01T09:27:53","date_gmt":"2013-02-01T08:27:53","guid":{"rendered":"https:\/\/inclusioaltemporda.cat\/portal\/?p=1015"},"modified":"2017-06-22T17:50:23","modified_gmt":"2017-06-22T16:50:23","slug":"curs-dalfabetitzacio-a-sant-pere-pescador","status":"publish","type":"post","link":"https:\/\/inclusioaltemporda.cat\/portal\/curs-dalfabetitzacio-a-sant-pere-pescador\/","title":{"rendered":"Curs d&#8217;alfabetitzaci\u00f3 a Sant Pere Pescador"},"content":{"rendered":"<div>\n<div dir=\"ltr\" align=\"left\">\n<div dir=\"ltr\" align=\"left\">L&#8217;Associaci\u00f3 de Dones Africanes de Sant Pere Pescador, amb el suport del Pla Territorial de Ciutadania i Immigraci\u00f3 de l\u2019\u00c0rea de Benestar, organitza un nou curs d\u2019alfabetitzaci\u00f3 anomenat \u201cLletres per a Tothom\u201d.<\/div>\n<div dir=\"ltr\" align=\"left\"><\/div>\n<div dir=\"ltr\" align=\"left\">Es tracta d&#8217;un curs d&#8217;alfabetizaci\u00f3 en llengua catalana promogut per la <a title=\"Direcci\u00f3 General per a la Immigraci\u00f3\" href=\"http:\/\/www20.gencat.cat\/portal\/site\/bsf\/menuitem.cb7c44c1c72cf6b43f6c8910b0c0e1a0\/?vgnextoid=e732247beb0a4210VgnVCM1000008d0c1e0aRCRD&amp;vgnextchannel=e732247beb0a4210VgnVCM1000008d0c1e0aRCRD\">Direcci\u00f3 General per a la Immigraci\u00f3<\/a>, l&#8217;<a title=\"Obra Social La Caixa\" href=\"http:\/\/obrasocial.lacaixa.es\/home\/obrasocial2_ca.html\">Obra Social La Caixa<\/a> i la Federaci\u00f3 d&#8217;Associacions Culturals i Educatives de Persones Adultes (FACEPA).<\/div>\n<div dir=\"ltr\" align=\"left\">\n<p>La iniciativa respon a la mesura 34 del <a title=\"Pacte Nacional per a la Immigraci\u00f3\" href=\"https:\/\/inclusioaltemporda.cat\/portal\/wp-content\/uploads\/Document_final_PNI_catala.pdf\">Pacte Nacional per a la Immigraci\u00f3<\/a> que aposta per emprendre un programa per a l&#8217;alfabetitzaci\u00f3 de les persones immigrades residents a Catalunya i que manifesten dificultats d&#8217;expressi\u00f3 escrita i comprensi\u00f3 lectora<\/p>\n<\/div>\n<div dir=\"ltr\" align=\"left\">El curs est\u00e0 adre\u00e7at a dones d\u2019origen estranger residents a Sant Pere Pescador. Aquest curs tindr\u00e0 una durada de 60 hores lectives i comen\u00e7ar\u00e0 el dia 6 de febrer fins al 29 de mar\u00e7. Les sessions formatives es duran a terme els dimecres i divendres de 9 a 12 hores a l&#8217;Espai d&#8217;entitats del municipi.<\/div>\n<\/div>\n","protected":false},"excerpt":{"rendered":"<p>L&#8217;Associaci\u00f3 de Dones Africanes de Sant Pere Pescador, amb el suport del Pla Territorial de Ciutadania i Immigraci\u00f3 de l\u2019\u00c0rea de Benestar, organitza un nou curs d\u2019alfabetitzaci\u00f3 anomenat \u201cLletres per&hellip;<\/p>\n","protected":false},"author":3,"featured_media":1017,"comment_status":"closed","ping_status":"closed","sticky":false,"template":"","format":"standard","meta":{"footnotes":""},"categories":[1],"tags":[114,32,24],"class_list":["post-1015","post","type-post","status-publish","format-standard","has-post-thumbnail","hentry","category-general","tag-agenda","tag-cursos-dalfabetitzacio","tag-inclusio-social","category-1","description-off"],"_links":{"self":[{"href":"https:\/\/inclusioaltemporda.cat\/portal\/wp-json\/wp\/v2\/posts\/1015","targetHints":{"allow":["GET"]}}],"collection":[{"href":"https:\/\/inclusioaltemporda.cat\/portal\/wp-json\/wp\/v2\/posts"}],"about":[{"href":"https:\/\/inclusioaltemporda.cat\/portal\/wp-json\/wp\/v2\/types\/post"}],"author":[{"embeddable":true,"href":"https:\/\/inclusioaltemporda.cat\/portal\/wp-json\/wp\/v2\/users\/3"}],"replies":[{"embeddable":true,"href":"https:\/\/inclusioaltemporda.cat\/portal\/wp-json\/wp\/v2\/comments?post=1015"}],"version-history":[{"count":10,"href":"https:\/\/inclusioaltemporda.cat\/portal\/wp-json\/wp\/v2\/posts\/1015\/revisions"}],"predecessor-version":[{"id":6363,"href":"https:\/\/inclusioaltemporda.cat\/portal\/wp-json\/wp\/v2\/posts\/1015\/revisions\/6363"}],"wp:featuredmedia":[{"embeddable":true,"href":"https:\/\/inclusioaltemporda.cat\/portal\/wp-json\/wp\/v2\/media\/1017"}],"wp:attachment":[{"href":"https:\/\/inclusioaltemporda.cat\/portal\/wp-json\/wp\/v2\/media?parent=1015"}],"wp:term":[{"taxonomy":"category","embeddable":true,"href":"https:\/\/inclusioaltemporda.cat\/portal\/wp-json\/wp\/v2\/categories?post=1015"},{"taxonomy":"post_tag","embeddable":true,"href":"https:\/\/inclusioaltemporda.cat\/portal\/wp-json\/wp\/v2\/tags?post=1015"}],"curies":[{"name":"wp","href":"https:\/\/api.w.org\/{rel}","templated":true}]}}