{"id":1052,"date":"2013-01-30T18:00:21","date_gmt":"2013-01-30T17:00:21","guid":{"rendered":"https:\/\/inclusioaltemporda.cat\/portal\/?p=1052"},"modified":"2016-02-01T09:21:54","modified_gmt":"2016-02-01T08:21:54","slug":"jornada-de-professionals-de-larea-de-benestar-de-lalt-emporda","status":"publish","type":"post","link":"https:\/\/inclusioaltemporda.cat\/portal\/jornada-de-professionals-de-larea-de-benestar-de-lalt-emporda\/","title":{"rendered":"Jornada de professionals de l&#8217;\u00e0rea de Benestar de l&#8217;Alt Empord\u00e0"},"content":{"rendered":"<p><!--:CA-->El mes de desembre passat va tenir lloc la jornada anual dels professionals de l&#8217;\u00e0rea de Benestar del Consell Comarcal. En el decurs de la trobada es van presentar els objectius estrat\u00e8gics per a l&#8217;any 2013 dels diferents serveis i el Pla d&#8217;Inclusi\u00f3 i Cohesi\u00f3 Social de la comarca.<\/p>\n<p>Per primera vegada es va posar en marxa un espai d&#8217;intercanvi d&#8217;experi\u00e8ncies entre els equips de professionals que promouen accions en el territori. Es van presentar un total de 12 bones pr\u00e0ctiques, de les quals els assistents van escollir les m\u00e9s innovadores:<\/p>\n<p>1) La integraci\u00f3 socioeducativa de noies adolescents d&#8217;origen magreb\u00ed a l&#8217;Institut de La Jonquera<br \/>\n2) Gesti\u00f3 de crisi i acompanyament social a les fam\u00edlies afectades per l&#8217;incendi del 22 de juliol a l&#8217;Alt Empord\u00e0<br \/>\n3) Taller d\u2019autonomia i inserci\u00f3 sociolaboral per a dones immigrades a Sant Pere Pescador<br \/>\n4) Projecte d&#8217;intervenci\u00f3 familiar a Roses<\/p>\n<p>Podeu trobar totes les bones pr\u00e0ctiques en el recull que us adjuntem en aquest <a title=\"enlla\u00e7\" href=\"https:\/\/inclusioaltemporda.cat\/portal\/wp-content\/uploads\/Recull-de-Bones-Pr\u00e0ctiques-2012_\u00c0rea-Benestar-CCAE.pdf\">enlla\u00e7<\/a>.<!--:--><!--:en--><\/p>\n<p><!--:--><!--:fr--><\/p>\n<p><!--:--><!--:es--><\/p>\n<p><!--:--><\/p>\n","protected":false},"excerpt":{"rendered":"<p>El mes de desembre passat va tenir lloc la jornada anual dels professionals de l&#8217;\u00e0rea de Benestar del Consell Comarcal. En el decurs de la trobada es van presentar els&hellip;<\/p>\n","protected":false},"author":3,"featured_media":1056,"comment_status":"closed","ping_status":"closed","sticky":false,"template":"","format":"standard","meta":{"footnotes":""},"categories":[1],"tags":[34,27],"class_list":["post-1052","post","type-post","status-publish","format-standard","has-post-thumbnail","hentry","category-general","tag-aula-professionals","tag-benestar-ccae","category-1","description-off"],"_links":{"self":[{"href":"https:\/\/inclusioaltemporda.cat\/portal\/wp-json\/wp\/v2\/posts\/1052","targetHints":{"allow":["GET"]}}],"collection":[{"href":"https:\/\/inclusioaltemporda.cat\/portal\/wp-json\/wp\/v2\/posts"}],"about":[{"href":"https:\/\/inclusioaltemporda.cat\/portal\/wp-json\/wp\/v2\/types\/post"}],"author":[{"embeddable":true,"href":"https:\/\/inclusioaltemporda.cat\/portal\/wp-json\/wp\/v2\/users\/3"}],"replies":[{"embeddable":true,"href":"https:\/\/inclusioaltemporda.cat\/portal\/wp-json\/wp\/v2\/comments?post=1052"}],"version-history":[{"count":11,"href":"https:\/\/inclusioaltemporda.cat\/portal\/wp-json\/wp\/v2\/posts\/1052\/revisions"}],"predecessor-version":[{"id":3384,"href":"https:\/\/inclusioaltemporda.cat\/portal\/wp-json\/wp\/v2\/posts\/1052\/revisions\/3384"}],"wp:featuredmedia":[{"embeddable":true,"href":"https:\/\/inclusioaltemporda.cat\/portal\/wp-json\/wp\/v2\/media\/1056"}],"wp:attachment":[{"href":"https:\/\/inclusioaltemporda.cat\/portal\/wp-json\/wp\/v2\/media?parent=1052"}],"wp:term":[{"taxonomy":"category","embeddable":true,"href":"https:\/\/inclusioaltemporda.cat\/portal\/wp-json\/wp\/v2\/categories?post=1052"},{"taxonomy":"post_tag","embeddable":true,"href":"https:\/\/inclusioaltemporda.cat\/portal\/wp-json\/wp\/v2\/tags?post=1052"}],"curies":[{"name":"wp","href":"https:\/\/api.w.org\/{rel}","templated":true}]}}