{"id":1062,"date":"2013-01-31T09:45:02","date_gmt":"2013-01-31T08:45:02","guid":{"rendered":"https:\/\/inclusioaltemporda.cat\/portal\/?p=1062"},"modified":"2016-02-01T09:21:54","modified_gmt":"2016-02-01T08:21:54","slug":"jornada-transfronterera-per-combatre-el-fracas-escolar-a-figueres","status":"publish","type":"post","link":"https:\/\/inclusioaltemporda.cat\/portal\/jornada-transfronterera-per-combatre-el-fracas-escolar-a-figueres\/","title":{"rendered":"Jornada transfronterera per combatre el frac\u00e0s escolar"},"content":{"rendered":"<p><!--:CA-->El proper dissabte, 2 de febrer, la Federaci\u00f3 d&#8217;associacions de pares i mares d&#8217;alumnes de Catalunya (<a title=\"Fapac\" href=\"http:\/\/www.fapac.cat\/\">Fapac<\/a>) a Girona organitza, conjuntament amb l&#8217;Euroinstitut Catal\u00e0 Transfronterer,\u00a0 una jornada a Figueres per debatre com prevenir l&#8217;abandonament escolar i promoure\u00a0 vies per a l&#8217;\u00e8xit educatiu. Aquesta activitat formativa \u00e9s gratu\u00efta i t\u00e9 com a finalitat intercanviar experi\u00e8ncies i construir eines de cooperaci\u00f3 transfronterera amb aquesta finalitat, vinculades als objectius de l&#8217;estrat\u00e8gia Europa 2020. En aquest\u00a0 <a title=\"enlla\u00e7\" href=\"http:\/\/www.fapac.cat\/2013\/01\/Girona-Jornada-formaci%C3%B3-transfronterera\">enlla\u00e7<\/a> podeu trobar tota la informaci\u00f3 sobre la jornada.<!--:--><!--:en--><\/p>\n<p><!--:--><!--:fr--><\/p>\n<p><!--:--><!--:es--><\/p>\n<p><!--:--><\/p>\n","protected":false},"excerpt":{"rendered":"<p>El proper dissabte, 2 de febrer, la Federaci\u00f3 d&#8217;associacions de pares i mares d&#8217;alumnes de Catalunya (Fapac) a Girona organitza, conjuntament amb l&#8217;Euroinstitut Catal\u00e0 Transfronterer,\u00a0 una jornada a Figueres per&hellip;<\/p>\n","protected":false},"author":3,"featured_media":1063,"comment_status":"closed","ping_status":"closed","sticky":false,"template":"","format":"standard","meta":{"footnotes":""},"categories":[1],"tags":[34,24,35],"class_list":["post-1062","post","type-post","status-publish","format-standard","has-post-thumbnail","hentry","category-general","tag-aula-professionals","tag-inclusio-social","tag-jornades","category-1","description-off"],"_links":{"self":[{"href":"https:\/\/inclusioaltemporda.cat\/portal\/wp-json\/wp\/v2\/posts\/1062","targetHints":{"allow":["GET"]}}],"collection":[{"href":"https:\/\/inclusioaltemporda.cat\/portal\/wp-json\/wp\/v2\/posts"}],"about":[{"href":"https:\/\/inclusioaltemporda.cat\/portal\/wp-json\/wp\/v2\/types\/post"}],"author":[{"embeddable":true,"href":"https:\/\/inclusioaltemporda.cat\/portal\/wp-json\/wp\/v2\/users\/3"}],"replies":[{"embeddable":true,"href":"https:\/\/inclusioaltemporda.cat\/portal\/wp-json\/wp\/v2\/comments?post=1062"}],"version-history":[{"count":7,"href":"https:\/\/inclusioaltemporda.cat\/portal\/wp-json\/wp\/v2\/posts\/1062\/revisions"}],"predecessor-version":[{"id":3385,"href":"https:\/\/inclusioaltemporda.cat\/portal\/wp-json\/wp\/v2\/posts\/1062\/revisions\/3385"}],"wp:featuredmedia":[{"embeddable":true,"href":"https:\/\/inclusioaltemporda.cat\/portal\/wp-json\/wp\/v2\/media\/1063"}],"wp:attachment":[{"href":"https:\/\/inclusioaltemporda.cat\/portal\/wp-json\/wp\/v2\/media?parent=1062"}],"wp:term":[{"taxonomy":"category","embeddable":true,"href":"https:\/\/inclusioaltemporda.cat\/portal\/wp-json\/wp\/v2\/categories?post=1062"},{"taxonomy":"post_tag","embeddable":true,"href":"https:\/\/inclusioaltemporda.cat\/portal\/wp-json\/wp\/v2\/tags?post=1062"}],"curies":[{"name":"wp","href":"https:\/\/api.w.org\/{rel}","templated":true}]}}