{"id":1105,"date":"2013-02-05T09:52:27","date_gmt":"2013-02-05T08:52:27","guid":{"rendered":"https:\/\/inclusioaltemporda.cat\/portal\/?p=1105"},"modified":"2016-02-01T09:21:53","modified_gmt":"2016-02-01T08:21:53","slug":"es-constitueix-formalment-la-taula-per-la-inclusio","status":"publish","type":"post","link":"https:\/\/inclusioaltemporda.cat\/portal\/es-constitueix-formalment-la-taula-per-la-inclusio\/","title":{"rendered":"Es constitueix formalment la Taula per a  la Inclusi\u00f3 de l&#8217;Alt Empord\u00e0"},"content":{"rendered":"<p><!--:CA-->L&#8217;11 de desembre passat es va constituir oficialment la <a href=\"https:\/\/inclusioaltemporda.cat\/portal\/taula-per-a-la-inclusio\/\">Taula per a la Inclusi\u00f3 i la Cohesi\u00f3 de l&#8217;Alt Empord\u00e0<\/a>. Aquest pas formalitza el proc\u00e9s de treball que durant una any i mig han dut a terme una quinzena d&#8217;entitats de la comarca que treballen en diferents \u00e0mbits d&#8217;acci\u00f3 social.<\/p>\n<p>La Taula per a la Inclusi\u00f3 neix amb l&#8217;objectiu de ser l&#8217;espai de representaci\u00f3 de les entitats del tercer sector de la comarca, per tal d&#8217;afavorir un \u00fas compartit de recursos i coneixement del que disposa el teixit associatiu i l&#8217;administraci\u00f3 p\u00fablica, millorar el coneixement de la realitat social del territori a trav\u00e9s de l&#8217;experi\u00e8ncia dels diferents agents (p\u00fablics i privats) que duen a terme accions de car\u00e0cter inclusiu, i per a apropar el treball de les entitats a la ciutadania en general.<!--:--><!--:en--><\/p>\n<p><!--:--><!--:fr--><\/p>\n<p><!--:--><!--:es--><\/p>\n<p><!--:--><\/p>\n","protected":false},"excerpt":{"rendered":"<p>L&#8217;11 de desembre passat es va constituir oficialment la Taula per a la Inclusi\u00f3 i la Cohesi\u00f3 de l&#8217;Alt Empord\u00e0. Aquest pas formalitza el proc\u00e9s de treball que durant una&hellip;<\/p>\n","protected":false},"author":2,"featured_media":1121,"comment_status":"closed","ping_status":"closed","sticky":false,"template":"","format":"standard","meta":{"footnotes":""},"categories":[1],"tags":[24,16,17],"class_list":["post-1105","post","type-post","status-publish","format-standard","has-post-thumbnail","hentry","category-general","tag-inclusio-social","tag-pla-inclusio","tag-taula","category-1","description-off"],"_links":{"self":[{"href":"https:\/\/inclusioaltemporda.cat\/portal\/wp-json\/wp\/v2\/posts\/1105","targetHints":{"allow":["GET"]}}],"collection":[{"href":"https:\/\/inclusioaltemporda.cat\/portal\/wp-json\/wp\/v2\/posts"}],"about":[{"href":"https:\/\/inclusioaltemporda.cat\/portal\/wp-json\/wp\/v2\/types\/post"}],"author":[{"embeddable":true,"href":"https:\/\/inclusioaltemporda.cat\/portal\/wp-json\/wp\/v2\/users\/2"}],"replies":[{"embeddable":true,"href":"https:\/\/inclusioaltemporda.cat\/portal\/wp-json\/wp\/v2\/comments?post=1105"}],"version-history":[{"count":12,"href":"https:\/\/inclusioaltemporda.cat\/portal\/wp-json\/wp\/v2\/posts\/1105\/revisions"}],"predecessor-version":[{"id":3395,"href":"https:\/\/inclusioaltemporda.cat\/portal\/wp-json\/wp\/v2\/posts\/1105\/revisions\/3395"}],"wp:featuredmedia":[{"embeddable":true,"href":"https:\/\/inclusioaltemporda.cat\/portal\/wp-json\/wp\/v2\/media\/1121"}],"wp:attachment":[{"href":"https:\/\/inclusioaltemporda.cat\/portal\/wp-json\/wp\/v2\/media?parent=1105"}],"wp:term":[{"taxonomy":"category","embeddable":true,"href":"https:\/\/inclusioaltemporda.cat\/portal\/wp-json\/wp\/v2\/categories?post=1105"},{"taxonomy":"post_tag","embeddable":true,"href":"https:\/\/inclusioaltemporda.cat\/portal\/wp-json\/wp\/v2\/tags?post=1105"}],"curies":[{"name":"wp","href":"https:\/\/api.w.org\/{rel}","templated":true}]}}