{"id":1107,"date":"2013-02-04T12:18:44","date_gmt":"2013-02-04T11:18:44","guid":{"rendered":"https:\/\/inclusioaltemporda.cat\/portal\/?p=1107"},"modified":"2016-02-01T09:21:54","modified_gmt":"2016-02-01T08:21:54","slug":"impacte-de-la-crisi-economica-en-la-salut-mental","status":"publish","type":"post","link":"https:\/\/inclusioaltemporda.cat\/portal\/impacte-de-la-crisi-economica-en-la-salut-mental\/","title":{"rendered":"Impacte de la crisi econ\u00f2mica en la salut mental"},"content":{"rendered":"<p><!--:CA-->L&#8217;<a title=\"Observatori de Salut Mental de Catalunya\" href=\"http:\/\/www.osamcat.cat\/cat\/index.htm\">Observatori de Salut Mental de Catalunya<\/a> ha donat a con\u00e8ixer un estudi recent sobre l&#8217;impacte de la crisi econ\u00f2mica en la salut mental de la poblaci\u00f3. L&#8217;estudi , coordinat pel Dr. Josep Moya i director de l&#8217;Observatori, assenyala com en els darrers anys s&#8217;ha incrementat entre la poblaci\u00f3 de Catalunya el malestar ps\u00edquic i transtorns com els sentiments d&#8217;angoixa, de desesperan\u00e7a o de p\u00e8rdua de control de les pr\u00f2pies vides.\u00a0 Podeu consultar un resum d&#8217;aquest estudi en aquest <a title=\"enlla\u00e7\" href=\"http:\/\/www.osamcat.cat\/cat\/Publicacions\/Impacte\/Default.htm\">enlla\u00e7<\/a>.<!--:--><!--:en--><\/p>\n<p><!--:--><!--:fr--><\/p>\n<p><!--:--><!--:es--><\/p>\n<p><!--:--><\/p>\n","protected":false},"excerpt":{"rendered":"<p>L&#8217;Observatori de Salut Mental de Catalunya ha donat a con\u00e8ixer un estudi recent sobre l&#8217;impacte de la crisi econ\u00f2mica en la salut mental de la poblaci\u00f3. L&#8217;estudi , coordinat pel&hellip;<\/p>\n","protected":false},"author":3,"featured_media":1109,"comment_status":"closed","ping_status":"closed","sticky":false,"template":"","format":"standard","meta":{"footnotes":""},"categories":[1,13],"tags":[34,24,18,22],"class_list":["post-1107","post","type-post","status-publish","format-standard","has-post-thumbnail","hentry","category-general","category-observatori-inclusio-social-alt-emporda","tag-aula-professionals","tag-inclusio-social","tag-observatori","tag-publicacions","category-1","category-13","description-off"],"_links":{"self":[{"href":"https:\/\/inclusioaltemporda.cat\/portal\/wp-json\/wp\/v2\/posts\/1107","targetHints":{"allow":["GET"]}}],"collection":[{"href":"https:\/\/inclusioaltemporda.cat\/portal\/wp-json\/wp\/v2\/posts"}],"about":[{"href":"https:\/\/inclusioaltemporda.cat\/portal\/wp-json\/wp\/v2\/types\/post"}],"author":[{"embeddable":true,"href":"https:\/\/inclusioaltemporda.cat\/portal\/wp-json\/wp\/v2\/users\/3"}],"replies":[{"embeddable":true,"href":"https:\/\/inclusioaltemporda.cat\/portal\/wp-json\/wp\/v2\/comments?post=1107"}],"version-history":[{"count":5,"href":"https:\/\/inclusioaltemporda.cat\/portal\/wp-json\/wp\/v2\/posts\/1107\/revisions"}],"predecessor-version":[{"id":3389,"href":"https:\/\/inclusioaltemporda.cat\/portal\/wp-json\/wp\/v2\/posts\/1107\/revisions\/3389"}],"wp:featuredmedia":[{"embeddable":true,"href":"https:\/\/inclusioaltemporda.cat\/portal\/wp-json\/wp\/v2\/media\/1109"}],"wp:attachment":[{"href":"https:\/\/inclusioaltemporda.cat\/portal\/wp-json\/wp\/v2\/media?parent=1107"}],"wp:term":[{"taxonomy":"category","embeddable":true,"href":"https:\/\/inclusioaltemporda.cat\/portal\/wp-json\/wp\/v2\/categories?post=1107"},{"taxonomy":"post_tag","embeddable":true,"href":"https:\/\/inclusioaltemporda.cat\/portal\/wp-json\/wp\/v2\/tags?post=1107"}],"curies":[{"name":"wp","href":"https:\/\/api.w.org\/{rel}","templated":true}]}}