{"id":1113,"date":"2013-02-04T13:41:04","date_gmt":"2013-02-04T12:41:04","guid":{"rendered":"https:\/\/inclusioaltemporda.cat\/portal\/?p=1113"},"modified":"2016-02-01T09:21:54","modified_gmt":"2016-02-01T08:21:54","slug":"estudi-sobre-el-risc-de-pobresa-i-el-mercat-de-treball","status":"publish","type":"post","link":"https:\/\/inclusioaltemporda.cat\/portal\/estudi-sobre-el-risc-de-pobresa-i-el-mercat-de-treball\/","title":{"rendered":"Estudi sobre el risc de pobresa i el mercat de treball"},"content":{"rendered":"<p><!--:CA-->El Consell de Treball Econ\u00f2mic i Social de Catalunya presenta el proper 11 de febrer a Barcelona l&#8217;informe &#8220;El Risc de pobresa relacionat amb el mercat de treball&#8221;. Aquest estudi aprofundeix en els efectes que t\u00e9 la precarietat laboral i la p\u00e8rdua del lloc de treball en el risc d&#8217;exclusi\u00f3 social i descriu nous perfils de vulnerabilitat que est\u00e0 generant el mercat laboral. Al mateix temps, l&#8217;informe facilita un conjunt de recomanacions per a les pol\u00edtiques actives d&#8217;ocupaci\u00f3 per tal que incorporin mesures per combatre aquestes situacions de risc. Podeu trobar aquest estudi i informaci\u00f3 sobre la seva presentaci\u00f3 en aquest<a title=\"enlla\u00e7\" href=\"http:\/\/www.ctesc.cat\/noticies\/89413661.html\"> enlla\u00e7<\/a>.<!--:--><!--:en--><\/p>\n<p><!--:--><!--:fr--><\/p>\n<p><!--:--><!--:es--><\/p>\n<p><!--:--><\/p>\n","protected":false},"excerpt":{"rendered":"<p>El Consell de Treball Econ\u00f2mic i Social de Catalunya presenta el proper 11 de febrer a Barcelona l&#8217;informe &#8220;El Risc de pobresa relacionat amb el mercat de treball&#8221;. Aquest estudi&hellip;<\/p>\n","protected":false},"author":3,"featured_media":1114,"comment_status":"closed","ping_status":"closed","sticky":false,"template":"","format":"standard","meta":{"footnotes":""},"categories":[1],"tags":[],"class_list":["post-1113","post","type-post","status-publish","format-standard","has-post-thumbnail","hentry","category-general","category-1","description-off"],"_links":{"self":[{"href":"https:\/\/inclusioaltemporda.cat\/portal\/wp-json\/wp\/v2\/posts\/1113","targetHints":{"allow":["GET"]}}],"collection":[{"href":"https:\/\/inclusioaltemporda.cat\/portal\/wp-json\/wp\/v2\/posts"}],"about":[{"href":"https:\/\/inclusioaltemporda.cat\/portal\/wp-json\/wp\/v2\/types\/post"}],"author":[{"embeddable":true,"href":"https:\/\/inclusioaltemporda.cat\/portal\/wp-json\/wp\/v2\/users\/3"}],"replies":[{"embeddable":true,"href":"https:\/\/inclusioaltemporda.cat\/portal\/wp-json\/wp\/v2\/comments?post=1113"}],"version-history":[{"count":6,"href":"https:\/\/inclusioaltemporda.cat\/portal\/wp-json\/wp\/v2\/posts\/1113\/revisions"}],"predecessor-version":[{"id":3391,"href":"https:\/\/inclusioaltemporda.cat\/portal\/wp-json\/wp\/v2\/posts\/1113\/revisions\/3391"}],"wp:featuredmedia":[{"embeddable":true,"href":"https:\/\/inclusioaltemporda.cat\/portal\/wp-json\/wp\/v2\/media\/1114"}],"wp:attachment":[{"href":"https:\/\/inclusioaltemporda.cat\/portal\/wp-json\/wp\/v2\/media?parent=1113"}],"wp:term":[{"taxonomy":"category","embeddable":true,"href":"https:\/\/inclusioaltemporda.cat\/portal\/wp-json\/wp\/v2\/categories?post=1113"},{"taxonomy":"post_tag","embeddable":true,"href":"https:\/\/inclusioaltemporda.cat\/portal\/wp-json\/wp\/v2\/tags?post=1113"}],"curies":[{"name":"wp","href":"https:\/\/api.w.org\/{rel}","templated":true}]}}