{"id":1143,"date":"2013-02-05T08:30:21","date_gmt":"2013-02-05T07:30:21","guid":{"rendered":"https:\/\/inclusioaltemporda.cat\/portal\/?p=1143"},"modified":"2016-02-01T09:21:54","modified_gmt":"2016-02-01T08:21:54","slug":"lenvelliment-i-la-joventut-claus-per-entendrels","status":"publish","type":"post","link":"https:\/\/inclusioaltemporda.cat\/portal\/lenvelliment-i-la-joventut-claus-per-entendrels\/","title":{"rendered":"L&#8217;envelliment i la joventut: claus per entendre&#8217;ls"},"content":{"rendered":"<p><!--:CA--><iframe loading=\"lazy\" src=\"http:\/\/www.youtube.com\/embed\/6fXkkN2_3tI\" frameborder=\"0\" width=\"420\" height=\"315\"><\/iframe><\/p>\n<p style=\"text-align: left;\">Durant el 2012 s&#8217;ha celebrat l&#8217;Any Europeu de l&#8217;envelliment actiu i la solidaritat intergeneracional, amb l&#8217;objectiu de  sensibilitzar a la societat sobre la import\u00e0ncia del valor d\u2019envellir amb activitat, destacant la contribuci\u00f3 que la gent gran por fer a la societat i a la seva economia, i divulgar i incentivar la transfer\u00e8ncia de coneixements i experi\u00e8ncies entre la gent gran i les altres generacions m\u00e9s joves.<\/p>\n<p>En el marc d&#8217;aquesta efem\u00e8ride el Consell Consultiu de la Gent Gran de l&#8217;Alt Empord\u00e0 va participar en l&#8217;organitzaci\u00f3 de les &#8220;Jornades per un futur m\u00e9s clar&#8221;, juntament amb els altres Consell Consultius de la Demarcaci\u00f3 de Girona, i el Campus Arnau de l&#8217;Escala. Durant aquesta el professor de filosofia de la UdG, Joan Manuel del Pozo, va impartir la confer\u00e8ncia &#8220;L&#8217;envelliment i la joventut: claus per entendre&#8217;ls&#8221;<!--:--><\/p>\n","protected":false},"excerpt":{"rendered":"<p>Durant el 2012 s&#8217;ha celebrat l&#8217;Any Europeu de l&#8217;envelliment actiu i la solidaritat intergeneracional, amb l&#8217;objectiu de sensibilitzar a la societat sobre la import\u00e0ncia del valor d\u2019envellir amb activitat, destacant&hellip;<\/p>\n","protected":false},"author":2,"featured_media":0,"comment_status":"closed","ping_status":"closed","sticky":false,"template":"","format":"standard","meta":{"footnotes":""},"categories":[1],"tags":[34,27,38,24],"class_list":["post-1143","post","type-post","status-publish","format-standard","hentry","category-general","tag-aula-professionals","tag-benestar-ccae","tag-gent-gran","tag-inclusio-social","category-1","description-off"],"_links":{"self":[{"href":"https:\/\/inclusioaltemporda.cat\/portal\/wp-json\/wp\/v2\/posts\/1143","targetHints":{"allow":["GET"]}}],"collection":[{"href":"https:\/\/inclusioaltemporda.cat\/portal\/wp-json\/wp\/v2\/posts"}],"about":[{"href":"https:\/\/inclusioaltemporda.cat\/portal\/wp-json\/wp\/v2\/types\/post"}],"author":[{"embeddable":true,"href":"https:\/\/inclusioaltemporda.cat\/portal\/wp-json\/wp\/v2\/users\/2"}],"replies":[{"embeddable":true,"href":"https:\/\/inclusioaltemporda.cat\/portal\/wp-json\/wp\/v2\/comments?post=1143"}],"version-history":[{"count":3,"href":"https:\/\/inclusioaltemporda.cat\/portal\/wp-json\/wp\/v2\/posts\/1143\/revisions"}],"predecessor-version":[{"id":3393,"href":"https:\/\/inclusioaltemporda.cat\/portal\/wp-json\/wp\/v2\/posts\/1143\/revisions\/3393"}],"wp:attachment":[{"href":"https:\/\/inclusioaltemporda.cat\/portal\/wp-json\/wp\/v2\/media?parent=1143"}],"wp:term":[{"taxonomy":"category","embeddable":true,"href":"https:\/\/inclusioaltemporda.cat\/portal\/wp-json\/wp\/v2\/categories?post=1143"},{"taxonomy":"post_tag","embeddable":true,"href":"https:\/\/inclusioaltemporda.cat\/portal\/wp-json\/wp\/v2\/tags?post=1143"}],"curies":[{"name":"wp","href":"https:\/\/api.w.org\/{rel}","templated":true}]}}