{"id":1152,"date":"2013-02-06T11:37:30","date_gmt":"2013-02-06T10:37:30","guid":{"rendered":"https:\/\/inclusioaltemporda.cat\/portal\/?p=1152"},"modified":"2016-02-01T09:21:53","modified_gmt":"2016-02-01T08:21:53","slug":"primer-informe-social-de-lalt-emporda","status":"publish","type":"post","link":"https:\/\/inclusioaltemporda.cat\/portal\/primer-informe-social-de-lalt-emporda\/","title":{"rendered":"Primer Informe Social de la comarca"},"content":{"rendered":"<p><!--:CA-->La <a title=\"Taula per a la Inclusi\u00f3 i la Cohesi\u00f3 Social\" href=\"https:\/\/inclusioaltemporda.cat\/portal\/taula-per-a-la-inclusio\/\">Taula per a la Inclusi\u00f3 i la Cohesi\u00f3 Social <\/a>i l&#8217;<a title=\"\u00e0rea de Benestar del Consell Comarcal\" href=\"https:\/\/inclusioaltemporda.cat\/portal\/qui-som-2\/area-de-benestar-social\/\">\u00e0rea de Benestar del Consell Comarcal<\/a> publiquen el primer Informe Social de l&#8217;Alt Empord\u00e0. Aquest Informe respon a la voluntat de les entitats socials i de l&#8217;administraci\u00f3 comarcal de facilitar informaci\u00f3 peri\u00f2dica sobre l&#8217;evoluci\u00f3 de la realitat social de la comarca i tamb\u00e9 al comprom\u00eds de compartir informaci\u00f3 i visions sobre el territori.<\/p>\n<p>En aquest primer document, hi trobareu dades referides a l&#8217;evoluci\u00f3 del context econ\u00f2mic, laboral i social a la comarca i dades referides a l&#8217;activitat del conjunt de les entitats socials i de l&#8217;\u00c0rea de Benestar del Consell Comarcal.<\/p>\n<p>El nostre objectiu \u00e9s publicar dos Informes Socials l&#8217;any, per tal de poder seguir l&#8217;evoluci\u00f3 peri\u00f2dica del conjunt d&#8217;indicadors. En aquest document es presenten dades de l&#8217;evoluci\u00f3 del nombre de persones ateses per les entitats i el Consell Comarcal; indicadors sobre el sector social a l&#8217;Alt Empord\u00e0, i indicadors espec\u00edfics referits a l&#8217;acci\u00f3 social segons els diferents \u00e0mbits d&#8217;inclusi\u00f3 social (\u00e0mbit Econ\u00f2mic, \u00e0mbit Laboral, Residencial, Formatiu, Social i Sanitari, Relacional i Pol\u00edtic-Ciutad\u00e0).<\/p>\n<p>Cal destacar com en el primer semestre de l&#8217;any 2012 es van comptabilitzar prop de 22.000 atencions a persones en situaci\u00f3 de vulnerabilitat a la comarca. D&#8217;aquestes atencions, m\u00e9s de 10.000 van ser realitzades per les entitats de la Taula i la majoria en l&#8217;\u00e0mbit de les necessitats econ\u00f2miques b\u00e0siques, la formaci\u00f3 i l&#8217;\u00e0mbit social i sanitari.<\/p>\n<p>D&#8217;altra banda, les dades posen de manifest com el sector social a la comarca est\u00e0 altament feminitzat, reflectint la realitat del conjunt del pa\u00eds. M\u00e9s del 85% del personal i dels professionals de les entitats i de l&#8217;administraci\u00f3 s\u00f3n dones.<\/p>\n<p>Els problemes principals atesos en aquest per\u00edode han estat vinculats a les necessitats econ\u00f2miques b\u00e0siques (despeses d&#8217;habitatge i alimentaci\u00f3 b\u00e0sica), a les dificultats d&#8217;acc\u00e9s al mercat de treball i als d\u00e8ficits formatius de la poblaci\u00f3 en situaci\u00f3 de risc social.<\/p>\n<p>Podeu accedir a l&#8217;Informe Social en aquest <a title=\"enlla\u00e7\" href=\"https:\/\/inclusioaltemporda.cat\/portal\/wp-content\/uploads\/Informe-social-1_2012.pdf\">enlla\u00e7<\/a>.<!--:--><!--:en--><\/p>\n<p><!--:--><!--:fr--><\/p>\n<p><!--:--><!--:es--><\/p>\n<p><!--:--><\/p>\n","protected":false},"excerpt":{"rendered":"<p>La Taula per a la Inclusi\u00f3 i la Cohesi\u00f3 Social i l&#8217;\u00e0rea de Benestar del Consell Comarcal publiquen el primer Informe Social de l&#8217;Alt Empord\u00e0. Aquest Informe respon a la&hellip;<\/p>\n","protected":false},"author":3,"featured_media":1160,"comment_status":"closed","ping_status":"closed","sticky":false,"template":"","format":"standard","meta":{"footnotes":""},"categories":[1,13],"tags":[24,18,22,17],"class_list":["post-1152","post","type-post","status-publish","format-standard","has-post-thumbnail","hentry","category-general","category-observatori-inclusio-social-alt-emporda","tag-inclusio-social","tag-observatori","tag-publicacions","tag-taula","category-1","category-13","description-off"],"_links":{"self":[{"href":"https:\/\/inclusioaltemporda.cat\/portal\/wp-json\/wp\/v2\/posts\/1152","targetHints":{"allow":["GET"]}}],"collection":[{"href":"https:\/\/inclusioaltemporda.cat\/portal\/wp-json\/wp\/v2\/posts"}],"about":[{"href":"https:\/\/inclusioaltemporda.cat\/portal\/wp-json\/wp\/v2\/types\/post"}],"author":[{"embeddable":true,"href":"https:\/\/inclusioaltemporda.cat\/portal\/wp-json\/wp\/v2\/users\/3"}],"replies":[{"embeddable":true,"href":"https:\/\/inclusioaltemporda.cat\/portal\/wp-json\/wp\/v2\/comments?post=1152"}],"version-history":[{"count":7,"href":"https:\/\/inclusioaltemporda.cat\/portal\/wp-json\/wp\/v2\/posts\/1152\/revisions"}],"predecessor-version":[{"id":3396,"href":"https:\/\/inclusioaltemporda.cat\/portal\/wp-json\/wp\/v2\/posts\/1152\/revisions\/3396"}],"wp:featuredmedia":[{"embeddable":true,"href":"https:\/\/inclusioaltemporda.cat\/portal\/wp-json\/wp\/v2\/media\/1160"}],"wp:attachment":[{"href":"https:\/\/inclusioaltemporda.cat\/portal\/wp-json\/wp\/v2\/media?parent=1152"}],"wp:term":[{"taxonomy":"category","embeddable":true,"href":"https:\/\/inclusioaltemporda.cat\/portal\/wp-json\/wp\/v2\/categories?post=1152"},{"taxonomy":"post_tag","embeddable":true,"href":"https:\/\/inclusioaltemporda.cat\/portal\/wp-json\/wp\/v2\/tags?post=1152"}],"curies":[{"name":"wp","href":"https:\/\/api.w.org\/{rel}","templated":true}]}}