{"id":1158,"date":"2013-04-08T09:00:17","date_gmt":"2013-04-08T08:00:17","guid":{"rendered":"https:\/\/inclusioaltemporda.cat\/portal\/?p=1158"},"modified":"2016-02-01T09:22:33","modified_gmt":"2016-02-01T08:22:33","slug":"la-campanya-comaprtint-taula-dona-suport-a-persones-grans-amb-necessitats-socials-i-economiques","status":"publish","type":"post","link":"https:\/\/inclusioaltemporda.cat\/portal\/la-campanya-comaprtint-taula-dona-suport-a-persones-grans-amb-necessitats-socials-i-economiques\/","title":{"rendered":"La campanya &#8220;Compartint Taula&#8221; dona suport a persones grans amb necessitats socials i econ\u00f2miques"},"content":{"rendered":"<p><!--:CA-->L&#8217;Associaci\u00f3 catalana de recursos assistencials (ACRA) i el Departament de Benestar i Fam\u00edlia impulsen la campanya &#8220;Compartint Taula&#8221; per tal de proporacionar \u00e0pats gratu\u00efts a gent gran amb necessitats socials i econ\u00f2miques.<\/p>\n<p>Aquesta iniciativa solid\u00e0ria permetr\u00e0 oferir a trav\u00e9s dels menjadors de les resid\u00e8ncies i centres de dia adscrits a ACRA \u00e0pats gratu\u00efts a persones grans amb necessitats socials i econ\u00f2miques ateses pels serveis socials de la comarca. En el projecte tamb\u00e9 col\u00b7laboren l\u2019Associaci\u00f3 Catalana de Municipis i Comarques i la Federaci\u00f3 de Municipis de Catalunya.<\/p>\n<p>Es calcula que a trav\u00e9s de la campanya, que es desenvolupar\u00e0 durant tot aquest 2013, se serviran al conjunt de Catalunya 261.000 \u00e0pats i es cobriran les necessitats nutricionals d\u2019unes 1.000 persones al dia. Es podran beneficiar del programa persones de 65 anys o m\u00e9s amb problem\u00e0tica social i\/o econ\u00f2mica, especialment aquelles que viuen soles o tenen una xarxa familiar feble o deteriorada i tenen greus dificultats econ\u00f2miques. En el projecte participen un centenar de centres assistencials d\u2019arreu del territori.<\/p>\n<p>A la comarca de l&#8217;Alt Empord\u00e0 participen en aquest projecte els centres seg\u00fcents: Europalau (Palau-saverdera), la Resid\u00e8ncia Les Forques (Vilafant), el Jard\u00ed de l&#8217;Empord\u00e0 (Vilamalla), la Fundaci\u00f3 privada Hospital de Sant Ll\u00facia (Castell\u00f3 d&#8217;Emp\u00faries) i la Resid\u00e8ncia Els Pins (l&#8217;Escala), que oferiran entre 10 i 60 men\u00fas diaris al llarg de l&#8217;any 2013.<!--:--><!--:en--><\/p>\n<p><!--:--><!--:fr--><\/p>\n<p><!--:--><!--:es--><\/p>\n<p><!--:--><\/p>\n","protected":false},"excerpt":{"rendered":"<p>L&#8217;Associaci\u00f3 catalana de recursos assistencials (ACRA) i el Departament de Benestar i Fam\u00edlia impulsen la campanya &#8220;Compartint Taula&#8221; per tal de proporacionar \u00e0pats gratu\u00efts a gent gran amb necessitats socials&hellip;<\/p>\n","protected":false},"author":2,"featured_media":1233,"comment_status":"closed","ping_status":"closed","sticky":false,"template":"","format":"standard","meta":{"footnotes":""},"categories":[1],"tags":[27,24,17],"class_list":["post-1158","post","type-post","status-publish","format-standard","has-post-thumbnail","hentry","category-general","tag-benestar-ccae","tag-inclusio-social","tag-taula","category-1","description-off"],"_links":{"self":[{"href":"https:\/\/inclusioaltemporda.cat\/portal\/wp-json\/wp\/v2\/posts\/1158","targetHints":{"allow":["GET"]}}],"collection":[{"href":"https:\/\/inclusioaltemporda.cat\/portal\/wp-json\/wp\/v2\/posts"}],"about":[{"href":"https:\/\/inclusioaltemporda.cat\/portal\/wp-json\/wp\/v2\/types\/post"}],"author":[{"embeddable":true,"href":"https:\/\/inclusioaltemporda.cat\/portal\/wp-json\/wp\/v2\/users\/2"}],"replies":[{"embeddable":true,"href":"https:\/\/inclusioaltemporda.cat\/portal\/wp-json\/wp\/v2\/comments?post=1158"}],"version-history":[{"count":9,"href":"https:\/\/inclusioaltemporda.cat\/portal\/wp-json\/wp\/v2\/posts\/1158\/revisions"}],"predecessor-version":[{"id":3472,"href":"https:\/\/inclusioaltemporda.cat\/portal\/wp-json\/wp\/v2\/posts\/1158\/revisions\/3472"}],"wp:featuredmedia":[{"embeddable":true,"href":"https:\/\/inclusioaltemporda.cat\/portal\/wp-json\/wp\/v2\/media\/1233"}],"wp:attachment":[{"href":"https:\/\/inclusioaltemporda.cat\/portal\/wp-json\/wp\/v2\/media?parent=1158"}],"wp:term":[{"taxonomy":"category","embeddable":true,"href":"https:\/\/inclusioaltemporda.cat\/portal\/wp-json\/wp\/v2\/categories?post=1158"},{"taxonomy":"post_tag","embeddable":true,"href":"https:\/\/inclusioaltemporda.cat\/portal\/wp-json\/wp\/v2\/tags?post=1158"}],"curies":[{"name":"wp","href":"https:\/\/api.w.org\/{rel}","templated":true}]}}