{"id":1167,"date":"2013-01-31T13:35:46","date_gmt":"2013-01-31T12:35:46","guid":{"rendered":"https:\/\/inclusioaltemporda.cat\/portal\/?p=1167"},"modified":"2016-02-01T09:21:54","modified_gmt":"2016-02-01T08:21:54","slug":"borsa-dhabitatge-comarcal","status":"publish","type":"post","link":"https:\/\/inclusioaltemporda.cat\/portal\/borsa-dhabitatge-comarcal\/","title":{"rendered":"Borsa d&#8217;habitatge comarcal"},"content":{"rendered":"<p><!--:CA-->El servei d&#8217;Habitatge del Consell Comarcal de l&#8217;Alt Empord\u00e0 ofereix, sense despeses de gesti\u00f3, la Borsa d&#8217;Habitatge comarcal. Aquest servei facilita la mediaci\u00f3 pel lloguer social per promoure l&#8217;arrendament de pisos a particulars amb totes les garanties i proporciona als propietaris una p\u00f2lissa gratu\u00efta d&#8217;asseguran\u00e7a per a l&#8217;habitatge, assessorament jur\u00eddic en cas de desnonament, intervenci\u00f3 en cas d&#8217;impagament, entre d&#8217;altres. Pels llogaters, la iniciativa permet oferir preus per sota del mercat lliure, facilitats econ\u00f2miques per accedir a l&#8217;habitatge o gesti\u00f3 d&#8217;ajuts al lloguer en cas de ser-ne beneficiari.\u00a0 Des de l&#8217;any passat, el servei d&#8217;Habitatge del Consell Comarcal va incorporar els serveis que feia a Figueres, Castell\u00f3 d&#8217;Emp\u00faries i Roses.\u00a0 Us adjuntem el d\u00edptic informatiu en aquest <a title=\"enlla\u00e7\" href=\"https:\/\/inclusioaltemporda.cat\/portal\/wp-content\/uploads\/FULL-INFO-PROPIETARIS-i-LLOGATERS.pdf\">enlla\u00e7<\/a>.<!--:--><!--:en--><br \/>\n<!--:--><!--:fr--><br \/>\n<!--:--><!--:es--><br \/>\n<!--:--><\/p>\n","protected":false},"excerpt":{"rendered":"<p>El servei d&#8217;Habitatge del Consell Comarcal de l&#8217;Alt Empord\u00e0 ofereix, sense despeses de gesti\u00f3, la Borsa d&#8217;Habitatge comarcal. Aquest servei facilita la mediaci\u00f3 pel lloguer social per promoure l&#8217;arrendament de&hellip;<\/p>\n","protected":false},"author":2,"featured_media":1097,"comment_status":"closed","ping_status":"closed","sticky":false,"template":"","format":"standard","meta":{"footnotes":""},"categories":[1],"tags":[39,24,40],"class_list":["post-1167","post","type-post","status-publish","format-standard","has-post-thumbnail","hentry","category-general","tag-habiatge","tag-inclusio-social","tag-recursos","category-1","description-off"],"_links":{"self":[{"href":"https:\/\/inclusioaltemporda.cat\/portal\/wp-json\/wp\/v2\/posts\/1167","targetHints":{"allow":["GET"]}}],"collection":[{"href":"https:\/\/inclusioaltemporda.cat\/portal\/wp-json\/wp\/v2\/posts"}],"about":[{"href":"https:\/\/inclusioaltemporda.cat\/portal\/wp-json\/wp\/v2\/types\/post"}],"author":[{"embeddable":true,"href":"https:\/\/inclusioaltemporda.cat\/portal\/wp-json\/wp\/v2\/users\/2"}],"replies":[{"embeddable":true,"href":"https:\/\/inclusioaltemporda.cat\/portal\/wp-json\/wp\/v2\/comments?post=1167"}],"version-history":[{"count":2,"href":"https:\/\/inclusioaltemporda.cat\/portal\/wp-json\/wp\/v2\/posts\/1167\/revisions"}],"predecessor-version":[{"id":3386,"href":"https:\/\/inclusioaltemporda.cat\/portal\/wp-json\/wp\/v2\/posts\/1167\/revisions\/3386"}],"wp:featuredmedia":[{"embeddable":true,"href":"https:\/\/inclusioaltemporda.cat\/portal\/wp-json\/wp\/v2\/media\/1097"}],"wp:attachment":[{"href":"https:\/\/inclusioaltemporda.cat\/portal\/wp-json\/wp\/v2\/media?parent=1167"}],"wp:term":[{"taxonomy":"category","embeddable":true,"href":"https:\/\/inclusioaltemporda.cat\/portal\/wp-json\/wp\/v2\/categories?post=1167"},{"taxonomy":"post_tag","embeddable":true,"href":"https:\/\/inclusioaltemporda.cat\/portal\/wp-json\/wp\/v2\/tags?post=1167"}],"curies":[{"name":"wp","href":"https:\/\/api.w.org\/{rel}","templated":true}]}}