{"id":1169,"date":"2013-02-07T10:10:20","date_gmt":"2013-02-07T09:10:20","guid":{"rendered":"https:\/\/inclusioaltemporda.cat\/portal\/?p=1169"},"modified":"2016-02-01T09:21:53","modified_gmt":"2016-02-01T08:21:53","slug":"convocatoria-dajuts-obra-social-la-caixa-per-a-la-promocio-de-lautonomia-i-atencio-a-la-discapacitat-i-dependencia","status":"publish","type":"post","link":"https:\/\/inclusioaltemporda.cat\/portal\/convocatoria-dajuts-obra-social-la-caixa-per-a-la-promocio-de-lautonomia-i-atencio-a-la-discapacitat-i-dependencia\/","title":{"rendered":"Convocat\u00f2ria d&#8217;Ajuts Obra Social La Caixa per a la promoci\u00f3 de l&#8217;autonomia i atenci\u00f3 a la discapacitat i depend\u00e8ncia"},"content":{"rendered":"<p><!--:CA-->L&#8217;<a title=\"Obra Social\" href=\"http:\/\/obrasocial.lacaixa.es\/home\/obrasocial2_ca.html\">Obra Social<\/a> de La Caixa t\u00e9 oberta la convocat\u00f2ria d&#8217;ajuts a Projectes presentats per organitzacions no lucratives per a la promoci\u00f3 de l&#8217;autonomia i atenci\u00f3 a la discapacitat i depend\u00e8ncia. Aquesta convocat\u00f2ria s&#8217;emmarca en el Programa d&#8217;Ajuts a Projectes d&#8217;Iniciatives Socials. Les l\u00ednies d&#8217;actuaci\u00f3 priorit\u00e0ries en aquest camp, objecte de la convocat\u00f2ria:<\/p>\n<p>1) Autonomia i desenvolupament personal i social<\/p>\n<p>2) Prevenci\u00f3 de la depend\u00e8ncia i atenci\u00f3 dels seus efectes<\/p>\n<p>3) Accessibilitat universal<\/p>\n<p>4) Suport psicosocial a l&#8217;entorn familiar<\/p>\n<p>5) Foment i gesti\u00f3 del voluntariat vinculat als projectes de promoci\u00f3 de l&#8217;autonomia i atenci\u00f3 a la discapacitat i\/o a la depend\u00e8ncia<\/p>\n<p>Les entitats interessades podeu trobar tota la informaci\u00f3, les Bases de la Convocat\u00f2ria i els formularis en aquest <a title=\"enlla\u00e7\" href=\"http:\/\/obrasocial.lacaixa.es\/ambitos\/convocatorias\/promociondelaautonomia_ca.html?Origen=Facebook-Like-Promoci%C3%B3_de_l%27autonomia_i_atenci%C3%B3_a_la_discapacitat_i_a_la_depend%C3%A8ncia-ca\">enlla\u00e7<\/a>. El termini de presentaci\u00f3 de projectes es tanca el proper 13 de febrer de 2013.<\/p>\n<p>&nbsp;<\/p>\n<p>&nbsp;<!--:--><!--:en--><br \/>\n<!--:--><!--:fr--><br \/>\n<!--:--><!--:es--><br \/>\n<!--:--><\/p>\n","protected":false},"excerpt":{"rendered":"<p>L&#8217;Obra Social de La Caixa t\u00e9 oberta la convocat\u00f2ria d&#8217;ajuts a Projectes presentats per organitzacions no lucratives per a la promoci\u00f3 de l&#8217;autonomia i atenci\u00f3 a la discapacitat i depend\u00e8ncia.&hellip;<\/p>\n","protected":false},"author":3,"featured_media":1170,"comment_status":"closed","ping_status":"closed","sticky":false,"template":"","format":"standard","meta":{"footnotes":""},"categories":[1,11],"tags":[41,24,17],"class_list":["post-1169","post","type-post","status-publish","format-standard","has-post-thumbnail","hentry","category-general","category-taula-inclusio","tag-convocatories-dajuts","tag-inclusio-social","tag-taula","category-1","category-11","description-off"],"_links":{"self":[{"href":"https:\/\/inclusioaltemporda.cat\/portal\/wp-json\/wp\/v2\/posts\/1169","targetHints":{"allow":["GET"]}}],"collection":[{"href":"https:\/\/inclusioaltemporda.cat\/portal\/wp-json\/wp\/v2\/posts"}],"about":[{"href":"https:\/\/inclusioaltemporda.cat\/portal\/wp-json\/wp\/v2\/types\/post"}],"author":[{"embeddable":true,"href":"https:\/\/inclusioaltemporda.cat\/portal\/wp-json\/wp\/v2\/users\/3"}],"replies":[{"embeddable":true,"href":"https:\/\/inclusioaltemporda.cat\/portal\/wp-json\/wp\/v2\/comments?post=1169"}],"version-history":[{"count":4,"href":"https:\/\/inclusioaltemporda.cat\/portal\/wp-json\/wp\/v2\/posts\/1169\/revisions"}],"predecessor-version":[{"id":3398,"href":"https:\/\/inclusioaltemporda.cat\/portal\/wp-json\/wp\/v2\/posts\/1169\/revisions\/3398"}],"wp:featuredmedia":[{"embeddable":true,"href":"https:\/\/inclusioaltemporda.cat\/portal\/wp-json\/wp\/v2\/media\/1170"}],"wp:attachment":[{"href":"https:\/\/inclusioaltemporda.cat\/portal\/wp-json\/wp\/v2\/media?parent=1169"}],"wp:term":[{"taxonomy":"category","embeddable":true,"href":"https:\/\/inclusioaltemporda.cat\/portal\/wp-json\/wp\/v2\/categories?post=1169"},{"taxonomy":"post_tag","embeddable":true,"href":"https:\/\/inclusioaltemporda.cat\/portal\/wp-json\/wp\/v2\/tags?post=1169"}],"curies":[{"name":"wp","href":"https:\/\/api.w.org\/{rel}","templated":true}]}}