{"id":1173,"date":"2013-02-07T13:14:26","date_gmt":"2013-02-07T12:14:26","guid":{"rendered":"https:\/\/inclusioaltemporda.cat\/portal\/?p=1173"},"modified":"2016-02-01T09:21:53","modified_gmt":"2016-02-01T08:21:53","slug":"nou-dispositiu-dinsercio-sociolaboral-a-roses","status":"publish","type":"post","link":"https:\/\/inclusioaltemporda.cat\/portal\/nou-dispositiu-dinsercio-sociolaboral-a-roses\/","title":{"rendered":"Nou dispositiu d&#8217;inserci\u00f3 sociolaboral a Roses"},"content":{"rendered":"<p><!--:CA--><\/p>\n<p align=\"JUSTIFY\">En el marc del projecte Treball als Barris, promogut per les regidories del Pla de Barris i de Promoci\u00f3 Econ\u00f2mica de l&#8217;<a title=\"Ajuntament de Roses\" href=\"http:\/\/www.roses.cat\/ca\/index.aspx\">Ajuntament de Roses<\/a>, el <a title=\"Servei d'Ocupaci\u00f3 de Catalunya\" href=\"http:\/\/www.oficinadetreball.cat\/socweb\/opencms\/socweb_es\/home.html\">Servei d&#8217;Ocupaci\u00f3 de Catalunya<\/a> subvenciona amb l&#8217;ajut del Fons Social Europeu, un nou Dipositiu d&#8217;Inserci\u00f3 Sociolaboral en el municipi.<\/p>\n<p>Aquest dispositiu, que durant aquest mes de febrer far\u00e0 la selecci\u00f3 dels participants en el programa, ofereix un acompanyament individualitzat a aquelles persones que estan cercant feina per tal de millorar la seva ocupabilitat en el municipi. Ofereix suport tant en el proc\u00e9s de recerca de feina com en la formaci\u00f3 i qualificaci\u00f3 professional, a partir de la possibilitat de fer pr\u00e0ctiques en empreses.<\/p>\n<p align=\"JUSTIFY\">Les persones que poden accedir a aquest servei han de ser dones i homes de 16 anys o m\u00e9s, en atur, residents a la Vila de Roses. El servei est\u00e0 ubicat a l&#8217;\u00c0rea de Promoci\u00f3 Econ\u00f2mica de l&#8217;Ajuntament (c. Madrid 1, T. 972 152 521).<\/p>\n<p><!--:--><!--:en--><\/p>\n<p><!--:--><!--:fr--><\/p>\n<p><!--:--><!--:es--><\/p>\n<p><!--:--><\/p>\n","protected":false},"excerpt":{"rendered":"<p>En el marc del projecte Treball als Barris, promogut per les regidories del Pla de Barris i de Promoci\u00f3 Econ\u00f2mica de l&#8217;Ajuntament de Roses, el Servei d&#8217;Ocupaci\u00f3 de Catalunya subvenciona&hellip;<\/p>\n","protected":false},"author":3,"featured_media":1174,"comment_status":"closed","ping_status":"closed","sticky":false,"template":"","format":"standard","meta":{"footnotes":""},"categories":[1],"tags":[42,24,43],"class_list":["post-1173","post","type-post","status-publish","format-standard","has-post-thumbnail","hentry","category-general","tag-ajuntament-roses","tag-inclusio-social","tag-insercio-sociolaboral","category-1","description-off"],"_links":{"self":[{"href":"https:\/\/inclusioaltemporda.cat\/portal\/wp-json\/wp\/v2\/posts\/1173","targetHints":{"allow":["GET"]}}],"collection":[{"href":"https:\/\/inclusioaltemporda.cat\/portal\/wp-json\/wp\/v2\/posts"}],"about":[{"href":"https:\/\/inclusioaltemporda.cat\/portal\/wp-json\/wp\/v2\/types\/post"}],"author":[{"embeddable":true,"href":"https:\/\/inclusioaltemporda.cat\/portal\/wp-json\/wp\/v2\/users\/3"}],"replies":[{"embeddable":true,"href":"https:\/\/inclusioaltemporda.cat\/portal\/wp-json\/wp\/v2\/comments?post=1173"}],"version-history":[{"count":5,"href":"https:\/\/inclusioaltemporda.cat\/portal\/wp-json\/wp\/v2\/posts\/1173\/revisions"}],"predecessor-version":[{"id":3400,"href":"https:\/\/inclusioaltemporda.cat\/portal\/wp-json\/wp\/v2\/posts\/1173\/revisions\/3400"}],"wp:featuredmedia":[{"embeddable":true,"href":"https:\/\/inclusioaltemporda.cat\/portal\/wp-json\/wp\/v2\/media\/1174"}],"wp:attachment":[{"href":"https:\/\/inclusioaltemporda.cat\/portal\/wp-json\/wp\/v2\/media?parent=1173"}],"wp:term":[{"taxonomy":"category","embeddable":true,"href":"https:\/\/inclusioaltemporda.cat\/portal\/wp-json\/wp\/v2\/categories?post=1173"},{"taxonomy":"post_tag","embeddable":true,"href":"https:\/\/inclusioaltemporda.cat\/portal\/wp-json\/wp\/v2\/tags?post=1173"}],"curies":[{"name":"wp","href":"https:\/\/api.w.org\/{rel}","templated":true}]}}