{"id":1178,"date":"2013-02-08T10:04:33","date_gmt":"2013-02-08T09:04:33","guid":{"rendered":"https:\/\/inclusioaltemporda.cat\/portal\/?p=1178"},"modified":"2016-02-01T09:21:53","modified_gmt":"2016-02-01T08:21:53","slug":"servei-dinformacio-i-atencio-a-les-dones","status":"publish","type":"post","link":"https:\/\/inclusioaltemporda.cat\/portal\/servei-dinformacio-i-atencio-a-les-dones\/","title":{"rendered":"Servei d&#8217;Informaci\u00f3 i Atenci\u00f3 a les Dones"},"content":{"rendered":"<p><!--:CA-->El Servei d&#8217;Informaci\u00f3 i Atenci\u00f3 a les Dones (SIAD) de l&#8217;Alt Empord\u00e0 (SIAD) \u00e9s un punt d&#8217;informaci\u00f3, formaci\u00f3 i assessorament per a les dones que gestiona l&#8217;\u00e0rea de Benestar del Consell Comarcal.\u00a0 des de fa 6 anys, el SIAD facilita l&#8217;acc\u00e9s de les dones de la comarca a la informaci\u00f3 de serveis i recursos, potencia la seva participaci\u00f3 a la vida p\u00fablica i promou el seu associacionisme.<\/p>\n<p>Els serveis que ofereix el SIAD a les dones s\u00f3n els seg\u00fcents:<\/p>\n<p>1) Servei d&#8217;informaci\u00f3 general sobre recursos, programes, ajuts i activitats que organitza el SIAD i altres entitats, institucions i associacions de la comarca..<\/p>\n<p>2) Servei d&#8217;orientaci\u00f3 i inserci\u00f3 laboral.<\/p>\n<p>3) Assessorament jur\u00eddic sobre q\u00fcestions laborals, estrangeria i viol\u00e8ncia de g\u00e8nere.<\/p>\n<p>4) Serveis d&#8217;atenci\u00f3 especialitzada en l&#8217;\u00e0mbit de la viol\u00e8ncia de g\u00e8nere.<\/p>\n<p>Si vols contactar amb aquest servei, ho pots fer de dilluns a divendres de 8:00h a 15:00h. (T. 972 677 050 &#8211; siad@altemporda.cat)<!--:--><!--:en--><br \/>\n<!--:--><!--:fr--><br \/>\n<!--:--><!--:es--><br \/>\n<!--:--><\/p>\n","protected":false},"excerpt":{"rendered":"<p>El Servei d&#8217;Informaci\u00f3 i Atenci\u00f3 a les Dones (SIAD) de l&#8217;Alt Empord\u00e0 (SIAD) \u00e9s un punt d&#8217;informaci\u00f3, formaci\u00f3 i assessorament per a les dones que gestiona l&#8217;\u00e0rea de Benestar del&hellip;<\/p>\n","protected":false},"author":3,"featured_media":1179,"comment_status":"closed","ping_status":"closed","sticky":false,"template":"","format":"standard","meta":{"footnotes":""},"categories":[1],"tags":[27,24,40,44],"class_list":["post-1178","post","type-post","status-publish","format-standard","has-post-thumbnail","hentry","category-general","tag-benestar-ccae","tag-inclusio-social","tag-recursos","tag-siad","category-1","description-off"],"_links":{"self":[{"href":"https:\/\/inclusioaltemporda.cat\/portal\/wp-json\/wp\/v2\/posts\/1178","targetHints":{"allow":["GET"]}}],"collection":[{"href":"https:\/\/inclusioaltemporda.cat\/portal\/wp-json\/wp\/v2\/posts"}],"about":[{"href":"https:\/\/inclusioaltemporda.cat\/portal\/wp-json\/wp\/v2\/types\/post"}],"author":[{"embeddable":true,"href":"https:\/\/inclusioaltemporda.cat\/portal\/wp-json\/wp\/v2\/users\/3"}],"replies":[{"embeddable":true,"href":"https:\/\/inclusioaltemporda.cat\/portal\/wp-json\/wp\/v2\/comments?post=1178"}],"version-history":[{"count":4,"href":"https:\/\/inclusioaltemporda.cat\/portal\/wp-json\/wp\/v2\/posts\/1178\/revisions"}],"predecessor-version":[{"id":3401,"href":"https:\/\/inclusioaltemporda.cat\/portal\/wp-json\/wp\/v2\/posts\/1178\/revisions\/3401"}],"wp:featuredmedia":[{"embeddable":true,"href":"https:\/\/inclusioaltemporda.cat\/portal\/wp-json\/wp\/v2\/media\/1179"}],"wp:attachment":[{"href":"https:\/\/inclusioaltemporda.cat\/portal\/wp-json\/wp\/v2\/media?parent=1178"}],"wp:term":[{"taxonomy":"category","embeddable":true,"href":"https:\/\/inclusioaltemporda.cat\/portal\/wp-json\/wp\/v2\/categories?post=1178"},{"taxonomy":"post_tag","embeddable":true,"href":"https:\/\/inclusioaltemporda.cat\/portal\/wp-json\/wp\/v2\/tags?post=1178"}],"curies":[{"name":"wp","href":"https:\/\/api.w.org\/{rel}","templated":true}]}}