{"id":1182,"date":"2013-02-11T12:11:45","date_gmt":"2013-02-11T11:11:45","guid":{"rendered":"https:\/\/inclusioaltemporda.cat\/portal\/?p=1182"},"modified":"2016-02-01T09:21:53","modified_gmt":"2016-02-01T08:21:53","slug":"els-efectes-de-la-crisi-en-la-situacio-economica-de-les-families-catalanes","status":"publish","type":"post","link":"https:\/\/inclusioaltemporda.cat\/portal\/els-efectes-de-la-crisi-en-la-situacio-economica-de-les-families-catalanes\/","title":{"rendered":"Els efectes de la crisi en la situaci\u00f3 econ\u00f2mica de les fam\u00edlies catalanes"},"content":{"rendered":"<p><!--:CA-->La <a title=\"ECAS\" href=\"http:\/\/acciosocial.org\/\">ECAS<\/a> (Entitats Catalanes d&#8217;Acci\u00f3 Social) ha donat a con\u00e8ixer el darrer informe INSOCAT en qu\u00e8 mostra l&#8217;evoluci\u00f3 en el per\u00edode 2008-2011 d&#8217;un conjunt d&#8217;indicadors relatius a la situaci\u00f3 econ\u00f2mica de les fam\u00edlies a Catalunya. Les dades mostren com a Catalunya un 60% de les llars tenen dificultat per arribar a final de mes i la taxa de risc de pobresa o exclusi\u00f3 social ha passat del 16,5% el 2008 al 23,3% el 2011.<\/p>\n<p>L&#8217;informe destaca, igualment, com la pobresa severa ha crescut de forma ininterrompuda i accentuada a Catalunya en multiplicar-se gaireb\u00e9 per cinc des del 2008. Durant aquest per\u00edode tamb\u00e9 ha augmentat el nombre de treballadors pobres: un 13,7% dels catalans i catalanes s\u00f3n pobres malgrat tenir feina. Aquest percentatge es mant\u00e9 estable al voltant del 8,5% a nivell europeu (UE-27) i \u00e9s del 12,7% per al conjunt de l&#8217;estat.<\/p>\n<p>Les dades reflecteixen un empobriment generalitzat de la ciutadania, el que es constata quan es compara la despesa mitjana anual per llar el 2008 que va ser de 34.511 euros, a la despesa mitjana anual el 2011 calculada en 31.729 euros\/any.<\/p>\n<p>L&#8217;informe destaca com la fam\u00edlia segueix essent la primera font de socialitzaci\u00f3 de les persones i l&#8217;espai que genera les principals relacions d&#8217;altruisme i redistribuci\u00f3. Aquesta funci\u00f3 que contribueix al manteniment de la cohesi\u00f3 social s&#8217;ha refor\u00e7at arran de l&#8217;increment de les dificultats econ\u00f2miques que pateixen les fam\u00edlies com a conseq\u00fc\u00e8ncia de la crisi.<\/p>\n<p>Podeu accedir a aquest informe en aquest <a title=\"enlla\u00e7\" href=\"http:\/\/acciosocial.org\/wp-content\/uploads\/2013\/02\/INSOCAT-num1_Families_ECAS.pdf\">enlla\u00e7<\/a>.<!--:--><!--:en--><\/p>\n<p><!--:--><!--:fr--><\/p>\n<p><!--:--><!--:es--><\/p>\n<p><!--:--><\/p>\n","protected":false},"excerpt":{"rendered":"<p>La ECAS (Entitats Catalanes d&#8217;Acci\u00f3 Social) ha donat a con\u00e8ixer el darrer informe INSOCAT en qu\u00e8 mostra l&#8217;evoluci\u00f3 en el per\u00edode 2008-2011 d&#8217;un conjunt d&#8217;indicadors relatius a la situaci\u00f3 econ\u00f2mica&hellip;<\/p>\n","protected":false},"author":3,"featured_media":1186,"comment_status":"closed","ping_status":"closed","sticky":false,"template":"","format":"standard","meta":{"footnotes":""},"categories":[1,13],"tags":[24,18,22],"class_list":["post-1182","post","type-post","status-publish","format-standard","has-post-thumbnail","hentry","category-general","category-observatori-inclusio-social-alt-emporda","tag-inclusio-social","tag-observatori","tag-publicacions","category-1","category-13","description-off"],"_links":{"self":[{"href":"https:\/\/inclusioaltemporda.cat\/portal\/wp-json\/wp\/v2\/posts\/1182","targetHints":{"allow":["GET"]}}],"collection":[{"href":"https:\/\/inclusioaltemporda.cat\/portal\/wp-json\/wp\/v2\/posts"}],"about":[{"href":"https:\/\/inclusioaltemporda.cat\/portal\/wp-json\/wp\/v2\/types\/post"}],"author":[{"embeddable":true,"href":"https:\/\/inclusioaltemporda.cat\/portal\/wp-json\/wp\/v2\/users\/3"}],"replies":[{"embeddable":true,"href":"https:\/\/inclusioaltemporda.cat\/portal\/wp-json\/wp\/v2\/comments?post=1182"}],"version-history":[{"count":5,"href":"https:\/\/inclusioaltemporda.cat\/portal\/wp-json\/wp\/v2\/posts\/1182\/revisions"}],"predecessor-version":[{"id":3403,"href":"https:\/\/inclusioaltemporda.cat\/portal\/wp-json\/wp\/v2\/posts\/1182\/revisions\/3403"}],"wp:featuredmedia":[{"embeddable":true,"href":"https:\/\/inclusioaltemporda.cat\/portal\/wp-json\/wp\/v2\/media\/1186"}],"wp:attachment":[{"href":"https:\/\/inclusioaltemporda.cat\/portal\/wp-json\/wp\/v2\/media?parent=1182"}],"wp:term":[{"taxonomy":"category","embeddable":true,"href":"https:\/\/inclusioaltemporda.cat\/portal\/wp-json\/wp\/v2\/categories?post=1182"},{"taxonomy":"post_tag","embeddable":true,"href":"https:\/\/inclusioaltemporda.cat\/portal\/wp-json\/wp\/v2\/tags?post=1182"}],"curies":[{"name":"wp","href":"https:\/\/api.w.org\/{rel}","templated":true}]}}