{"id":1190,"date":"2013-02-12T10:27:01","date_gmt":"2013-02-12T09:27:01","guid":{"rendered":"https:\/\/inclusioaltemporda.cat\/portal\/?p=1190"},"modified":"2016-02-01T09:21:53","modified_gmt":"2016-02-01T08:21:53","slug":"convocatoria-de-la-taula-per-a-la-inclusio-20-de-febrer","status":"publish","type":"post","link":"https:\/\/inclusioaltemporda.cat\/portal\/convocatoria-de-la-taula-per-a-la-inclusio-20-de-febrer\/","title":{"rendered":"Convocat\u00f2ria de la Taula per a la Inclusi\u00f3 (20 de febrer)"},"content":{"rendered":"<p><!--:CA-->El proper dia 20 de febrer tindr\u00e0 lloc la primera sessi\u00f3 de treball de l&#8217;any 2013 de la <a href=\"https:\/\/inclusioaltemporda.cat\/portal\/taula-per-a-la-inclusio\/\">Taula per a la Inclusi\u00f3<\/a> social de l&#8217;Alt Empord\u00e0. La Taula \u00e9s l\u2019espai de representaci\u00f3 de les entitats del tercer sector de la comarca i durant el proc\u00e9s d&#8217;elaboraci\u00f3 i implementaci\u00f3 del Pla d&#8217;Inclusi\u00f3 tamb\u00e9 ser\u00e0 l&#8217;espai de participaci\u00f3 de refer\u00e8ncia.<\/p>\n<p>En aquesta sessi\u00f3 es presentar\u00e0 el proc\u00e9s de treball del Pla d&#8217;Inclusi\u00f3 i Cohesi\u00f3 Social de la comarca en els propers mesos i es compartir\u00e0 amb les entitats el <a href=\"https:\/\/inclusioaltemporda.cat\/portal\/primer-informe-social-de-lalt-emporda\/\">primer Informe Social<\/a> de la comarca, elaborat conjuntament per les entitats i el Consell Comarcal. Despr\u00e9s de la sessi\u00f3 de treball es dur\u00e0 a terme un acte de presentaci\u00f3 p\u00fablica de la Taula per a la Inclusi\u00f3.<\/p>\n<p>En aquest <a href=\"https:\/\/inclusioaltemporda.cat\/portal\/wp-content\/uploads\/OD-2013.02.20.pdf\">enlla\u00e7 <\/a>podeu consultar l&#8217;ordre del dia de la reuni\u00f3. Totes les entitats socials i c\u00edviques de la comarca <a href=\"https:\/\/inclusioaltemporda.cat\/portal\/participa-a-la-xarxa-per-la-inclusio-social-de-lalt-emporda\/entitats\/\">que tingueu inter\u00e8s a con\u00e8ixer aquest espai<\/a> de participaci\u00f3 i a formar part del proc\u00e9s d&#8217;elaboraci\u00f3 del Pla d&#8217;Inclusi\u00f3 i Cohesi\u00f3 Social de la comarca esteu convidades a assistir-hi. Us recordem la data: 20 de febrer, a les 10:30h. a la sala de Formaci\u00f3 del Consell Comarcal (c. Nou, 48 -Figueres).<!--:--><!--:en--><\/p>\n<p><!--:--><!--:fr--><\/p>\n<p><!--:--><!--:es--><\/p>\n<p><!--:--><\/p>\n","protected":false},"excerpt":{"rendered":"<p>El proper dia 20 de febrer tindr\u00e0 lloc la primera sessi\u00f3 de treball de l&#8217;any 2013 de la Taula per a la Inclusi\u00f3 social de l&#8217;Alt Empord\u00e0. La Taula \u00e9s&hellip;<\/p>\n","protected":false},"author":2,"featured_media":1194,"comment_status":"closed","ping_status":"closed","sticky":false,"template":"","format":"standard","meta":{"footnotes":""},"categories":[1,12,11],"tags":[24,16,17],"class_list":["post-1190","post","type-post","status-publish","format-standard","has-post-thumbnail","hentry","category-general","category-pla-dinclusio-2","category-taula-inclusio","tag-inclusio-social","tag-pla-inclusio","tag-taula","category-1","category-12","category-11","description-off"],"_links":{"self":[{"href":"https:\/\/inclusioaltemporda.cat\/portal\/wp-json\/wp\/v2\/posts\/1190","targetHints":{"allow":["GET"]}}],"collection":[{"href":"https:\/\/inclusioaltemporda.cat\/portal\/wp-json\/wp\/v2\/posts"}],"about":[{"href":"https:\/\/inclusioaltemporda.cat\/portal\/wp-json\/wp\/v2\/types\/post"}],"author":[{"embeddable":true,"href":"https:\/\/inclusioaltemporda.cat\/portal\/wp-json\/wp\/v2\/users\/2"}],"replies":[{"embeddable":true,"href":"https:\/\/inclusioaltemporda.cat\/portal\/wp-json\/wp\/v2\/comments?post=1190"}],"version-history":[{"count":8,"href":"https:\/\/inclusioaltemporda.cat\/portal\/wp-json\/wp\/v2\/posts\/1190\/revisions"}],"predecessor-version":[{"id":3405,"href":"https:\/\/inclusioaltemporda.cat\/portal\/wp-json\/wp\/v2\/posts\/1190\/revisions\/3405"}],"wp:featuredmedia":[{"embeddable":true,"href":"https:\/\/inclusioaltemporda.cat\/portal\/wp-json\/wp\/v2\/media\/1194"}],"wp:attachment":[{"href":"https:\/\/inclusioaltemporda.cat\/portal\/wp-json\/wp\/v2\/media?parent=1190"}],"wp:term":[{"taxonomy":"category","embeddable":true,"href":"https:\/\/inclusioaltemporda.cat\/portal\/wp-json\/wp\/v2\/categories?post=1190"},{"taxonomy":"post_tag","embeddable":true,"href":"https:\/\/inclusioaltemporda.cat\/portal\/wp-json\/wp\/v2\/tags?post=1190"}],"curies":[{"name":"wp","href":"https:\/\/api.w.org\/{rel}","templated":true}]}}