{"id":1199,"date":"2013-02-13T11:52:09","date_gmt":"2013-02-13T10:52:09","guid":{"rendered":"https:\/\/inclusioaltemporda.cat\/portal\/?p=1199"},"modified":"2016-02-01T09:21:53","modified_gmt":"2016-02-01T08:21:53","slug":"el-programa-mes-grans-no-satura","status":"publish","type":"post","link":"https:\/\/inclusioaltemporda.cat\/portal\/el-programa-mes-grans-no-satura\/","title":{"rendered":"El projecte M\u00e9s Grans no s&#8217;atura"},"content":{"rendered":"<p><!--:CA-->El projecte <a href=\"http:\/\/www.catalunyavoluntaria.cat\/web\/mapa-web\/mesprogrames\/mesgrans\/\"target=_blank\">&#8220;Mes Grans&#8221;<\/a> en qu\u00e8 participa l&#8217;\u00e0rea de Benestar de l&#8217;Alt Empord\u00e0,\u00a0 ja es troba en plena fase de treball dels nuclis de mentoratge formats per s\u00e8niors i fam\u00edlies. Els dos nuclis existents fins al moment ja han dut a terme la primera sessi\u00f3 de seguiment conjunta amb l&#8217;equip de professionals que acompanya el proc\u00e9s. Aquestes sessions de treball es duran a terme mensualment durant el per\u00edode de temps que funcionar\u00e0 el projecte fins el mes de juny. Paral\u00b7lelament, tamb\u00e9 s&#8217;estan realitzant sessions de seguiment individualitzades amb els diferents participants.<\/p>\n<p>Durant la propera setmana hi ha prevista la incorporaci\u00f3 de dos nous nuclis de mentoratge. Per tal de d&#8217;incorporar nous participants al &#8220;M\u00e9s grans&#8221;dem\u00e0 14 de febrer es dur\u00e0 a terme una sessi\u00f3 de presentaci\u00f3 als Serveis socials de l&#8217;<a title=\"Ajuntament de Figueres\" href=\"http:\/\/www.figueres.cat\/\">Ajuntament de Figueres<\/a>, amb l&#8217;objectiu de sumar noves fam\u00edlies al projecte de mentoratge. L&#8217;equip del projecte ha fixat com a data l\u00edmit per incorporar nous nuclis de mentoratge al proc\u00e9s de treball el dia 28 de febrer.<\/p>\n<p>El projecte &#8220;M\u00e9s Grans&#8221;, que s&#8217;emmarca en les activitats de l&#8217;Any Europeu de l&#8217;Envelliment Actiu i de la solidaritat intergeneracional, t\u00e9 com a finalitat afavorir l&#8217;intercanvi i la solidaritat entre generacions (hi participen persones de m\u00e9s de 55 anys, pares i\/o mares i infants), tot promovent experi\u00e8ncies de suport familiar a la comarca que generin un valor social afegit.<!--:--><!--:en--><\/p>\n<p><!--:--><!--:fr--><\/p>\n<p><!--:--><!--:es--><\/p>\n<p><!--:--><\/p>\n","protected":false},"excerpt":{"rendered":"<p>El projecte<\/p>\n","protected":false},"author":3,"featured_media":1200,"comment_status":"closed","ping_status":"closed","sticky":false,"template":"","format":"standard","meta":{"footnotes":""},"categories":[1],"tags":[27,24,31],"class_list":["post-1199","post","type-post","status-publish","format-standard","has-post-thumbnail","hentry","category-general","tag-benestar-ccae","tag-inclusio-social","tag-projecte-mes-grans","category-1","description-off"],"_links":{"self":[{"href":"https:\/\/inclusioaltemporda.cat\/portal\/wp-json\/wp\/v2\/posts\/1199","targetHints":{"allow":["GET"]}}],"collection":[{"href":"https:\/\/inclusioaltemporda.cat\/portal\/wp-json\/wp\/v2\/posts"}],"about":[{"href":"https:\/\/inclusioaltemporda.cat\/portal\/wp-json\/wp\/v2\/types\/post"}],"author":[{"embeddable":true,"href":"https:\/\/inclusioaltemporda.cat\/portal\/wp-json\/wp\/v2\/users\/3"}],"replies":[{"embeddable":true,"href":"https:\/\/inclusioaltemporda.cat\/portal\/wp-json\/wp\/v2\/comments?post=1199"}],"version-history":[{"count":9,"href":"https:\/\/inclusioaltemporda.cat\/portal\/wp-json\/wp\/v2\/posts\/1199\/revisions"}],"predecessor-version":[{"id":3406,"href":"https:\/\/inclusioaltemporda.cat\/portal\/wp-json\/wp\/v2\/posts\/1199\/revisions\/3406"}],"wp:featuredmedia":[{"embeddable":true,"href":"https:\/\/inclusioaltemporda.cat\/portal\/wp-json\/wp\/v2\/media\/1200"}],"wp:attachment":[{"href":"https:\/\/inclusioaltemporda.cat\/portal\/wp-json\/wp\/v2\/media?parent=1199"}],"wp:term":[{"taxonomy":"category","embeddable":true,"href":"https:\/\/inclusioaltemporda.cat\/portal\/wp-json\/wp\/v2\/categories?post=1199"},{"taxonomy":"post_tag","embeddable":true,"href":"https:\/\/inclusioaltemporda.cat\/portal\/wp-json\/wp\/v2\/tags?post=1199"}],"curies":[{"name":"wp","href":"https:\/\/api.w.org\/{rel}","templated":true}]}}