{"id":1209,"date":"2013-02-14T10:35:47","date_gmt":"2013-02-14T09:35:47","guid":{"rendered":"https:\/\/inclusioaltemporda.cat\/portal\/?p=1209"},"modified":"2016-02-01T09:21:53","modified_gmt":"2016-02-01T08:21:53","slug":"labour-plus-estrategies-innovadores-per-millorar-la-insercio-laboral-de-la-poblacio-en-risc-dexclusio-social","status":"publish","type":"post","link":"https:\/\/inclusioaltemporda.cat\/portal\/labour-plus-estrategies-innovadores-per-millorar-la-insercio-laboral-de-la-poblacio-en-risc-dexclusio-social\/","title":{"rendered":"Labour Plus: estrat\u00e8gies innovadores per millorar la inserci\u00f3 laboral de la poblaci\u00f3 en risc d&#8217;exclusi\u00f3 social"},"content":{"rendered":"<p><!--:CA--><\/p>\n<p title=\"Labour Plus Innovative Strategies for Equal Employment\" align=\"JUSTIFY\">L&#8217;\u00e0rea de Benestar del Consell Comarcal participa en el projecte \u201c<a title=\"Labour Plus Innovative Strategies for Equal Employment\" href=\"http:\/\/www.labourplus.eu\/\">Labour Plus Innovative Strategies for Equal Employment<\/a>\u201d (Interreg 4C) de la Comissi\u00f3 Europea, que t\u00e9 com a finalitat millorar les pol\u00edtiques d\u2019ocupaci\u00f3 i les estrat\u00e8gies locals per a la inserci\u00f3 laboral de la poblaci\u00f3 i els col\u00b7lectius en risc d&#8217;exclusi\u00f3 social.<\/p>\n<p align=\"JUSTIFY\"><a title=\"11 socis europeus\" href=\"http:\/\/www.labourplus.eu\/index.php\/partners\">11 socis europeus <\/a>integren la xarxa de treball d&#8217;aquest projecte que es va posar en marxa l&#8217;any passat i que ser\u00e0 actiu fins l&#8217;any 2015. La finalitat del projecte Labour Plus \u00e9s crear un espai d\u2019intercanvi d\u2019experi\u00e8ncies a nivell europeu per millorar la situaci\u00f3 de la poblaci\u00f3 m\u00e9s vulnerable en el mercat de treball i dissenyar una eina d&#8217;intervenci\u00f3 innovadora a escala local que faciliti aproximacions integrals a la inclusi\u00f3 sociolaboral de la poblaci\u00f3 en risc.<\/p>\n<p align=\"JUSTIFY\">L&#8217;\u00e0rea de Benestar del Consell Comarcal \u00e9s l&#8217;encarregada de liderar el proc\u00e9s de recollida i an\u00e0lisi de les bones pr\u00e0ctiques i de l&#8217;elaboraci\u00f3 d&#8217;aquesta eina d&#8217;intervenci\u00f3. La participaci\u00f3 del Consell Comarcal en aquest projecte respon al seu comprom\u00eds per la inclusi\u00f3 social i la millora del benestar del conjunt de la poblaci\u00f3 de la comarca.<\/p>\n<p><!--:--><!--:en--><\/p>\n<p><!--:--><!--:fr--><\/p>\n<p><!--:--><!--:es--><\/p>\n<p><!--:--><\/p>\n","protected":false},"excerpt":{"rendered":"<p>L&#8217;\u00e0rea de Benestar del Consell Comarcal participa en el projecte \u201cLabour Plus Innovative Strategies for Equal Employment\u201d (Interreg 4C) de la Comissi\u00f3 Europea, que t\u00e9 com a finalitat millorar les&hellip;<\/p>\n","protected":false},"author":3,"featured_media":1210,"comment_status":"closed","ping_status":"closed","sticky":false,"template":"","format":"standard","meta":{"footnotes":""},"categories":[1],"tags":[27,24,45],"class_list":["post-1209","post","type-post","status-publish","format-standard","has-post-thumbnail","hentry","category-general","tag-benestar-ccae","tag-inclusio-social","tag-projecte-labour-plus","category-1","description-off"],"_links":{"self":[{"href":"https:\/\/inclusioaltemporda.cat\/portal\/wp-json\/wp\/v2\/posts\/1209","targetHints":{"allow":["GET"]}}],"collection":[{"href":"https:\/\/inclusioaltemporda.cat\/portal\/wp-json\/wp\/v2\/posts"}],"about":[{"href":"https:\/\/inclusioaltemporda.cat\/portal\/wp-json\/wp\/v2\/types\/post"}],"author":[{"embeddable":true,"href":"https:\/\/inclusioaltemporda.cat\/portal\/wp-json\/wp\/v2\/users\/3"}],"replies":[{"embeddable":true,"href":"https:\/\/inclusioaltemporda.cat\/portal\/wp-json\/wp\/v2\/comments?post=1209"}],"version-history":[{"count":5,"href":"https:\/\/inclusioaltemporda.cat\/portal\/wp-json\/wp\/v2\/posts\/1209\/revisions"}],"predecessor-version":[{"id":3408,"href":"https:\/\/inclusioaltemporda.cat\/portal\/wp-json\/wp\/v2\/posts\/1209\/revisions\/3408"}],"wp:featuredmedia":[{"embeddable":true,"href":"https:\/\/inclusioaltemporda.cat\/portal\/wp-json\/wp\/v2\/media\/1210"}],"wp:attachment":[{"href":"https:\/\/inclusioaltemporda.cat\/portal\/wp-json\/wp\/v2\/media?parent=1209"}],"wp:term":[{"taxonomy":"category","embeddable":true,"href":"https:\/\/inclusioaltemporda.cat\/portal\/wp-json\/wp\/v2\/categories?post=1209"},{"taxonomy":"post_tag","embeddable":true,"href":"https:\/\/inclusioaltemporda.cat\/portal\/wp-json\/wp\/v2\/tags?post=1209"}],"curies":[{"name":"wp","href":"https:\/\/api.w.org\/{rel}","templated":true}]}}