{"id":1220,"date":"2013-02-15T16:15:36","date_gmt":"2013-02-15T15:15:36","guid":{"rendered":"https:\/\/inclusioaltemporda.cat\/portal\/?p=1220"},"modified":"2016-02-01T09:21:52","modified_gmt":"2016-02-01T08:21:52","slug":"bones-practiques-en-inclusio-social-de-creu-roja","status":"publish","type":"post","link":"https:\/\/inclusioaltemporda.cat\/portal\/bones-practiques-en-inclusio-social-de-creu-roja\/","title":{"rendered":"Bones pr\u00e0ctiques en inclusi\u00f3 social de Creu Roja"},"content":{"rendered":"<p><!--:CA-->Us facilitem l&#8217;enlla\u00e7 a un recull extens de<a title=\"bones pr\u00e0ctiques en inclusi\u00f3 social\" href=\"http:\/\/www.practicasinclusion.org\/\"> bones pr\u00e0ctiques en inclusi\u00f3 social <\/a>que elabora l&#8217;entitat Creu Roja a nivell estatal. Aquesta entitat organitza anualment un seminari per intercanviar experi\u00e8ncies i fa un recull anual amb les experi\u00e8ncies m\u00e9s rellevants que detecten en diversos \u00e0mbits de treball. Us animem a con\u00e8ixer aquesta iniciativa !<!--:--><!--:en--><br \/>\n<!--:--><!--:fr--><br \/>\n<!--:--><!--:es--><br \/>\n<!--:--><\/p>\n","protected":false},"excerpt":{"rendered":"<p>Us facilitem l&#8217;enlla\u00e7 a un recull extens de bones pr\u00e0ctiques en inclusi\u00f3 social que elabora l&#8217;entitat Creu Roja a nivell estatal. Aquesta entitat organitza anualment un seminari per intercanviar experi\u00e8ncies&hellip;<\/p>\n","protected":false},"author":3,"featured_media":1221,"comment_status":"closed","ping_status":"closed","sticky":false,"template":"","format":"standard","meta":{"footnotes":""},"categories":[1,13],"tags":[34,24],"class_list":["post-1220","post","type-post","status-publish","format-standard","has-post-thumbnail","hentry","category-general","category-observatori-inclusio-social-alt-emporda","tag-aula-professionals","tag-inclusio-social","category-1","category-13","description-off"],"_links":{"self":[{"href":"https:\/\/inclusioaltemporda.cat\/portal\/wp-json\/wp\/v2\/posts\/1220","targetHints":{"allow":["GET"]}}],"collection":[{"href":"https:\/\/inclusioaltemporda.cat\/portal\/wp-json\/wp\/v2\/posts"}],"about":[{"href":"https:\/\/inclusioaltemporda.cat\/portal\/wp-json\/wp\/v2\/types\/post"}],"author":[{"embeddable":true,"href":"https:\/\/inclusioaltemporda.cat\/portal\/wp-json\/wp\/v2\/users\/3"}],"replies":[{"embeddable":true,"href":"https:\/\/inclusioaltemporda.cat\/portal\/wp-json\/wp\/v2\/comments?post=1220"}],"version-history":[{"count":3,"href":"https:\/\/inclusioaltemporda.cat\/portal\/wp-json\/wp\/v2\/posts\/1220\/revisions"}],"predecessor-version":[{"id":3409,"href":"https:\/\/inclusioaltemporda.cat\/portal\/wp-json\/wp\/v2\/posts\/1220\/revisions\/3409"}],"wp:featuredmedia":[{"embeddable":true,"href":"https:\/\/inclusioaltemporda.cat\/portal\/wp-json\/wp\/v2\/media\/1221"}],"wp:attachment":[{"href":"https:\/\/inclusioaltemporda.cat\/portal\/wp-json\/wp\/v2\/media?parent=1220"}],"wp:term":[{"taxonomy":"category","embeddable":true,"href":"https:\/\/inclusioaltemporda.cat\/portal\/wp-json\/wp\/v2\/categories?post=1220"},{"taxonomy":"post_tag","embeddable":true,"href":"https:\/\/inclusioaltemporda.cat\/portal\/wp-json\/wp\/v2\/tags?post=1220"}],"curies":[{"name":"wp","href":"https:\/\/api.w.org\/{rel}","templated":true}]}}