{"id":1224,"date":"2013-02-18T10:28:34","date_gmt":"2013-02-18T09:28:34","guid":{"rendered":"https:\/\/inclusioaltemporda.cat\/portal\/?p=1224"},"modified":"2016-02-01T09:21:52","modified_gmt":"2016-02-01T08:21:52","slug":"730-persones-grans-utilitzen-el-servei-local-de-teleassistencia-de-lalt-emporda","status":"publish","type":"post","link":"https:\/\/inclusioaltemporda.cat\/portal\/730-persones-grans-utilitzen-el-servei-local-de-teleassistencia-de-lalt-emporda\/","title":{"rendered":"730 persones grans utilitzen el Servei Local de Teleassist\u00e8ncia de l&#8217;Alt Empord\u00e0"},"content":{"rendered":"<p><!--:CA-->730 persones grans i\/o amb depend\u00e8ncia i\u00a0 els seus cuidadors que viuen en els municipis menors de 20.000 habitants de la comarca, han estat usuaris al llarg de l&#8217;any 2012 del Servei Local de Teleassist\u00e8ncia que presta el Consell Comarcal, mitjan\u00e7ant un conveni de col\u00b7laboraci\u00f3 amb la Diputaci\u00f3 de Girona.<\/p>\n<p>Aquest \u00e9s un servei preventiu i de proximitat que s&#8217;ofereix a les persones grans per facilitar la seva vida quotidiana en el seu domicili. Les persones benefici\u00e0ries poden contactar amb aquest servei en cas que es produeixi una\u00a0 situaci\u00f3 d&#8217;emerg\u00e8ncia.\u00a0 Majorit\u00e0riament s\u00f3n dones les principals usu\u00e0ries d&#8217;aquest servei (77%), les persones majors de 80 anys (79%) i les persones que viuen soles (57%).<\/p>\n<p>En aquests moments, el Servei Local de Teleassist\u00e8ncia a l&#8217;Alt Emporda t\u00e9 un grau de cobertura d\u2019un 4,44% del grup de poblaci\u00f3 de persones majors de 65 anys (percentatge que representa l&#8217;objectiu de cobertura del servei que determina la Generalitat). M\u00e9s de 300 persones van participar en les sessions informatives que es van dur a terme sobre aquest servei en diferents municipis de la comarca.<\/p>\n<p>Aquest Servei Local de Teleassist\u00e8ncia s&#8217;encarrega, igualment, de dur a terme les visites domicili\u00e0ries a les persones usu\u00e0ries amb l\u2019objectiu de fer-ne un seguiment i coordinar amb els serveis socials b\u00e0sics les possibles intervencions.<!--:--><!--:en--><\/p>\n<p><!--:--><!--:fr--><\/p>\n<p><!--:--><!--:es--><\/p>\n<p><!--:--><\/p>\n","protected":false},"excerpt":{"rendered":"<p>730 persones grans i\/o amb depend\u00e8ncia i\u00a0 els seus cuidadors que viuen en els municipis menors de 20.000 habitants de la comarca, han estat usuaris al llarg de l&#8217;any 2012&hellip;<\/p>\n","protected":false},"author":3,"featured_media":1230,"comment_status":"closed","ping_status":"closed","sticky":false,"template":"","format":"standard","meta":{"footnotes":""},"categories":[1],"tags":[27,38,24,46],"class_list":["post-1224","post","type-post","status-publish","format-standard","has-post-thumbnail","hentry","category-general","tag-benestar-ccae","tag-gent-gran","tag-inclusio-social","tag-servei-local-teleassistencia","category-1","description-off"],"_links":{"self":[{"href":"https:\/\/inclusioaltemporda.cat\/portal\/wp-json\/wp\/v2\/posts\/1224","targetHints":{"allow":["GET"]}}],"collection":[{"href":"https:\/\/inclusioaltemporda.cat\/portal\/wp-json\/wp\/v2\/posts"}],"about":[{"href":"https:\/\/inclusioaltemporda.cat\/portal\/wp-json\/wp\/v2\/types\/post"}],"author":[{"embeddable":true,"href":"https:\/\/inclusioaltemporda.cat\/portal\/wp-json\/wp\/v2\/users\/3"}],"replies":[{"embeddable":true,"href":"https:\/\/inclusioaltemporda.cat\/portal\/wp-json\/wp\/v2\/comments?post=1224"}],"version-history":[{"count":6,"href":"https:\/\/inclusioaltemporda.cat\/portal\/wp-json\/wp\/v2\/posts\/1224\/revisions"}],"predecessor-version":[{"id":3411,"href":"https:\/\/inclusioaltemporda.cat\/portal\/wp-json\/wp\/v2\/posts\/1224\/revisions\/3411"}],"wp:featuredmedia":[{"embeddable":true,"href":"https:\/\/inclusioaltemporda.cat\/portal\/wp-json\/wp\/v2\/media\/1230"}],"wp:attachment":[{"href":"https:\/\/inclusioaltemporda.cat\/portal\/wp-json\/wp\/v2\/media?parent=1224"}],"wp:term":[{"taxonomy":"category","embeddable":true,"href":"https:\/\/inclusioaltemporda.cat\/portal\/wp-json\/wp\/v2\/categories?post=1224"},{"taxonomy":"post_tag","embeddable":true,"href":"https:\/\/inclusioaltemporda.cat\/portal\/wp-json\/wp\/v2\/tags?post=1224"}],"curies":[{"name":"wp","href":"https:\/\/api.w.org\/{rel}","templated":true}]}}