{"id":1232,"date":"2013-02-19T09:20:45","date_gmt":"2013-02-19T08:20:45","guid":{"rendered":"https:\/\/inclusioaltemporda.cat\/portal\/?p=1232"},"modified":"2016-02-01T09:21:52","modified_gmt":"2016-02-01T08:21:52","slug":"el-consell-consultiu-de-la-gent-gran-prepara-lassemblea-general-ordinaria","status":"publish","type":"post","link":"https:\/\/inclusioaltemporda.cat\/portal\/el-consell-consultiu-de-la-gent-gran-prepara-lassemblea-general-ordinaria\/","title":{"rendered":"El Consell Consultiu de la Gent Gran prepara l&#8217;Assemblea general ordin\u00e0ria"},"content":{"rendered":"<p><!--:CA-->La Comissi\u00f3 Permanent del <a href=\"https:\/\/inclusioaltemporda.cat\/portal\/wp-content\/uploads\/fitxa-consell-consultiu-de-la-gent-gran.pdf\">Consell Consultiu de la Gent Gran de l&#8217;Alt Empord\u00e0<\/a> va celebrar ahir la seva sessi\u00f3 de treball mensual. Aquest espai de treball est\u00e0 format per 10 vocals representants de Casals i Associacions de gent gran de la comarca que formen part del Consell Consultiu, i t\u00e9 com a principal objectiu executar el pla de treball anual fixat per la seva Assemblea.<\/p>\n<p>Durant la sessi\u00f3 d&#8217;ahir es va abordar la preparaci\u00f3 de la propera Assemblea General Ordin\u00e0ria del Consell Consultiu d&#8217;enguany, que es celebrar\u00e0 el mes d&#8217;abril. En la sessi\u00f3 d&#8217;ahir es va fer balan\u00e7 del conjunt d&#8217;actuacions dutes a terme durant l&#8217;any 2012 i es va treballar sobre la renovaci\u00f3 d&#8217;una part de la Comissi\u00f3 Permanent.<\/p>\n<p>Per altra banda, la sessi\u00f3 tamb\u00e9 va servir per designar el representant del Consell Consultiu a la Taula per a la Inclusi\u00f3 i la Cohesi\u00f3 social de l&#8217;Alt Empord\u00e0, i esbossar la proposta de les l\u00ednies de treball per a l&#8217;any 2013.<\/p>\n<p>El Consell Consultiu de la Gent Gran de l&#8217;Alt Empord\u00e0 \u00e9s un organisme creat l&#8217;any 2003 pel Consell Comarcal, que t\u00e9 entre els seus objectius la millora de la coordinaci\u00f3 entre Casals i Associacions de la Gent Gran de la comarca, i la interlocuci\u00f3 entre aquestes i el Consell Comarcal en totes aquelles q\u00fcestions que afectin al desenvolupament de la vida de les persones grans del territori.<!--:--><!--:en--><\/p>\n<p><!--:--><!--:fr--><\/p>\n<p><!--:--><!--:es--><\/p>\n<p><!--:--><\/p>\n","protected":false},"excerpt":{"rendered":"<p>La Comissi\u00f3 Permanent del Consell Consultiu de la Gent Gran de l&#8217;Alt Empord\u00e0 va celebrar ahir la seva sessi\u00f3 de treball mensual. Aquest espai de treball est\u00e0 format per 10&hellip;<\/p>\n","protected":false},"author":2,"featured_media":1233,"comment_status":"closed","ping_status":"closed","sticky":false,"template":"","format":"standard","meta":{"footnotes":""},"categories":[1],"tags":[27,47,38],"class_list":["post-1232","post","type-post","status-publish","format-standard","has-post-thumbnail","hentry","category-general","tag-benestar-ccae","tag-consell-consultiu","tag-gent-gran","category-1","description-off"],"_links":{"self":[{"href":"https:\/\/inclusioaltemporda.cat\/portal\/wp-json\/wp\/v2\/posts\/1232","targetHints":{"allow":["GET"]}}],"collection":[{"href":"https:\/\/inclusioaltemporda.cat\/portal\/wp-json\/wp\/v2\/posts"}],"about":[{"href":"https:\/\/inclusioaltemporda.cat\/portal\/wp-json\/wp\/v2\/types\/post"}],"author":[{"embeddable":true,"href":"https:\/\/inclusioaltemporda.cat\/portal\/wp-json\/wp\/v2\/users\/2"}],"replies":[{"embeddable":true,"href":"https:\/\/inclusioaltemporda.cat\/portal\/wp-json\/wp\/v2\/comments?post=1232"}],"version-history":[{"count":8,"href":"https:\/\/inclusioaltemporda.cat\/portal\/wp-json\/wp\/v2\/posts\/1232\/revisions"}],"predecessor-version":[{"id":3412,"href":"https:\/\/inclusioaltemporda.cat\/portal\/wp-json\/wp\/v2\/posts\/1232\/revisions\/3412"}],"wp:featuredmedia":[{"embeddable":true,"href":"https:\/\/inclusioaltemporda.cat\/portal\/wp-json\/wp\/v2\/media\/1233"}],"wp:attachment":[{"href":"https:\/\/inclusioaltemporda.cat\/portal\/wp-json\/wp\/v2\/media?parent=1232"}],"wp:term":[{"taxonomy":"category","embeddable":true,"href":"https:\/\/inclusioaltemporda.cat\/portal\/wp-json\/wp\/v2\/categories?post=1232"},{"taxonomy":"post_tag","embeddable":true,"href":"https:\/\/inclusioaltemporda.cat\/portal\/wp-json\/wp\/v2\/tags?post=1232"}],"curies":[{"name":"wp","href":"https:\/\/api.w.org\/{rel}","templated":true}]}}