{"id":1245,"date":"2013-02-20T14:40:03","date_gmt":"2013-02-20T13:40:03","guid":{"rendered":"https:\/\/inclusioaltemporda.cat\/portal\/?p=1245"},"modified":"2016-02-01T09:21:52","modified_gmt":"2016-02-01T08:21:52","slug":"presentacio-de-la-taula-per-a-la-inclusio-i-la-cohesio-social-de-lalt-emporda","status":"publish","type":"post","link":"https:\/\/inclusioaltemporda.cat\/portal\/presentacio-de-la-taula-per-a-la-inclusio-i-la-cohesio-social-de-lalt-emporda\/","title":{"rendered":"Presentaci\u00f3 de la Taula per a la Inclusi\u00f3 i la Cohesi\u00f3 Social de l&#8217;Alt Empord\u00e0"},"content":{"rendered":"<p><!--:CA-->Aquest mat\u00ed s&#8217;ha presentat p\u00fablicament als mitjans de comunicaci\u00f3 la Taula per a la Inclusi\u00f3 i la Cohesi\u00f3 Social de l&#8217;Alt Empord\u00e0. La Taula \u00e9s l\u2019espai de representaci\u00f3 de les entitats del tercer sector de la comarca i \u00e9s l&#8217;espai de participaci\u00f3 de refer\u00e8ncia del proc\u00e9s d\u2019elaboraci\u00f3 i implementaci\u00f3 del Pla d\u2019Inclusi\u00f3 de la comarca.<\/p>\n<p>La Taula per a la Inclusi\u00f3 ha presentat el <a href=\"https:\/\/inclusioaltemporda.cat\/portal\/primer-informe-social-de-lalt-emporda\/\">primer Informe Social<\/a> de la comarca, elaborat conjuntament per les entitats i el Consell Comarcal. Un document que s&#8217;elaborar\u00e0 cada any i que t\u00e9 com a finalitat presentar les dades m\u00e9s recents sobre els recursos i serveis que les entitats i l&#8217;administraci\u00f3 supralocal ha prestat en l&#8217;\u00e0mbit social a la comarca.<\/p>\n<p>Els portanveus de la Taula per a la Inclusi\u00f3 han fet una crida a la participaci\u00f3 al conjunt d&#8217;entitats socials i c\u00edviques de la comarca per tal de ser presents en aquest espai de debat i treball conjunt que, al llarg de l&#8217;any 2013 participar\u00e0 en l&#8217;elaboraci\u00f3 del Pla d&#8217;Inclusi\u00f3, crear\u00e0 un Banc de Recursos per promoure la cooperaci\u00f3 entre entitats i definir\u00e0 un projecte compartit per promoure accions concretes en el territori.<!--:--><!--:en--><br \/>\n<!--:--><!--:fr--><br \/>\n<!--:--><!--:es--><br \/>\n<!--:--><\/p>\n","protected":false},"excerpt":{"rendered":"<p>Aquest mat\u00ed s&#8217;ha presentat p\u00fablicament als mitjans de comunicaci\u00f3 la Taula per a la Inclusi\u00f3 i la Cohesi\u00f3 Social de l&#8217;Alt Empord\u00e0. La Taula \u00e9s l\u2019espai de representaci\u00f3 de les&hellip;<\/p>\n","protected":false},"author":3,"featured_media":1246,"comment_status":"closed","ping_status":"closed","sticky":false,"template":"","format":"standard","meta":{"footnotes":""},"categories":[1,11],"tags":[24,49,17],"class_list":["post-1245","post","type-post","status-publish","format-standard","has-post-thumbnail","hentry","category-general","category-taula-inclusio","tag-inclusio-social","tag-informe-social","tag-taula","category-1","category-11","description-off"],"_links":{"self":[{"href":"https:\/\/inclusioaltemporda.cat\/portal\/wp-json\/wp\/v2\/posts\/1245","targetHints":{"allow":["GET"]}}],"collection":[{"href":"https:\/\/inclusioaltemporda.cat\/portal\/wp-json\/wp\/v2\/posts"}],"about":[{"href":"https:\/\/inclusioaltemporda.cat\/portal\/wp-json\/wp\/v2\/types\/post"}],"author":[{"embeddable":true,"href":"https:\/\/inclusioaltemporda.cat\/portal\/wp-json\/wp\/v2\/users\/3"}],"replies":[{"embeddable":true,"href":"https:\/\/inclusioaltemporda.cat\/portal\/wp-json\/wp\/v2\/comments?post=1245"}],"version-history":[{"count":3,"href":"https:\/\/inclusioaltemporda.cat\/portal\/wp-json\/wp\/v2\/posts\/1245\/revisions"}],"predecessor-version":[{"id":3415,"href":"https:\/\/inclusioaltemporda.cat\/portal\/wp-json\/wp\/v2\/posts\/1245\/revisions\/3415"}],"wp:featuredmedia":[{"embeddable":true,"href":"https:\/\/inclusioaltemporda.cat\/portal\/wp-json\/wp\/v2\/media\/1246"}],"wp:attachment":[{"href":"https:\/\/inclusioaltemporda.cat\/portal\/wp-json\/wp\/v2\/media?parent=1245"}],"wp:term":[{"taxonomy":"category","embeddable":true,"href":"https:\/\/inclusioaltemporda.cat\/portal\/wp-json\/wp\/v2\/categories?post=1245"},{"taxonomy":"post_tag","embeddable":true,"href":"https:\/\/inclusioaltemporda.cat\/portal\/wp-json\/wp\/v2\/tags?post=1245"}],"curies":[{"name":"wp","href":"https:\/\/api.w.org\/{rel}","templated":true}]}}