{"id":1249,"date":"2013-02-21T10:14:04","date_gmt":"2013-02-21T09:14:04","guid":{"rendered":"https:\/\/inclusioaltemporda.cat\/portal\/?p=1249"},"modified":"2016-02-01T09:21:52","modified_gmt":"2016-02-01T08:21:52","slug":"tallers-de-memoria-i-tallers-de-gimnastica-per-a-gent-gran-programacio-de-primavera","status":"publish","type":"post","link":"https:\/\/inclusioaltemporda.cat\/portal\/tallers-de-memoria-i-tallers-de-gimnastica-per-a-gent-gran-programacio-de-primavera\/","title":{"rendered":"Tallers  de Mem\u00f2ria i Tallers de Gimn\u00e0stica per a gent gran (programaci\u00f3 de primavera)"},"content":{"rendered":"<p><!--:CA-->L&#8217;\u00e0rea de Benestar del Consell Comarcal ha posat en marxa una nova edici\u00f3 dels Tallers de Mem\u00f2ria i dels Tallers de Gimn\u00e0stica per a la gent gran amb la finalitat de promoure un envelliment actiu i satisfactori. Aquests tallers estan adre\u00e7ats a les persones m\u00e9s grans de 65 anys de la comarca i es fan en aquells pobles, els ajuntaments dels quals, han sol\u00b7liciat aquesta activitat.<\/p>\n<p align=\"JUSTIFY\">Aquests tallers tenen com a finalitat treballar d\u2019una forma m\u00e9s \u00edntegra l\u2019estimulaci\u00f3 de les capacitats f\u00edsiques i mentals de les persones grans de la comarca. El <span style=\"text-decoration: underline;\">taller de Mem\u00f2ria<\/span> facilita un entrenament de les capacitats que intervenen en la mem\u00f2ria i altres facultats mentals relacionades, es facilita coneixement sobre el funcionament de la mem\u00f2ria i s&#8217;aprenen a utilitzar estrat\u00e8gies per a la seva millora. El taller consta de 12 sessions, d\u2019una hora per setmana.<\/p>\n<p align=\"JUSTIFY\">\u00a0El <span style=\"text-decoration: underline;\">Taller de gimn\u00e0stica<\/span> adaptada a la gent gran t\u00e9 com a finalitat mantenir la forma f\u00edsica i promoure un envelliment amb salut. En aquest taller s&#8217;exercita el cos, per mantenir i millorar les capacitats f\u00edsiques. Tamb\u00e9 es treballa la mobilitat, la for\u00e7a, la flexibilitat, la coordinaci\u00f3, l\u2019equilibri i la respiraci\u00f3. En el taller tamb\u00e9 s&#8217;aprenen t\u00e8cniques de relaxaci\u00f3 i a moure\u2019s correctament per prevenir possibles lesions. El taller es desenvolupa en 10 sessions, d\u2019una hora per setmana.<\/p>\n<p>En els propers mesos de mar\u00e7-juny de 2013 es faran 29 Tallers de Mem\u00f2ri\u00e0 en els municipis seg\u00fcents: Albany\u00e0, Biure, Cantallops, Colera, Darnius,\u00a0 Espolla, L&#8217;Escala, El Far d&#8217;Empord\u00e0, Garrig\u00e0s. La Jonquera, Llad\u00f3, Llan\u00e7\u00e0, Mollet de Perelada, Palau de Santa Eul\u00e0lia, Perelada, Pont\u00f3s, Rab\u00f3s, Sant Lloren\u00e7 de la Muga, Sant Miquel de Fluvi\u00e0, Sant Climent Sescebes, Sant Pere Pescador, Terrades, Torroella de Fluvi\u00e0,\u00a0 Vilamalla i Vilarnadal (Masarac).<\/p>\n<p>Aquesta primavera tamb\u00e9 s&#8217;han programat 8 tallers de gimn\u00e0stica en els municipis seg\u00fcents: Cadaqu\u00e9s, Capmany,\u00a0 Colera, El Far d&#8217;Empord\u00e0, Navata,\u00a0 Pau i Torroella de Fluvi\u00e0.<\/p>\n<p>Si teniu inter\u00e8s a participar-hi, podeu consultar els pobles i horaris de tots els Tallers que s&#8217;han programat a la comarca en aquest <a title=\"enlla\u00e7\" href=\"https:\/\/inclusioaltemporda.cat\/portal\/wp-content\/uploads\/Tallers-per-a-gent-gran-primavera-2013.pdf\">enlla\u00e7<\/a>. La inscripci\u00f3 de les persones interessades es fa en l&#8217;ajuntament de la vila i \u00e9s gratu\u00efta.<!--:--><!--:en--><\/p>\n<p><!--:--><!--:fr--><\/p>\n<p><!--:--><!--:es--><\/p>\n<p><!--:--><\/p>\n","protected":false},"excerpt":{"rendered":"<p>L&#8217;\u00e0rea de Benestar del Consell Comarcal ha posat en marxa una nova edici\u00f3 dels Tallers de Mem\u00f2ria i dels Tallers de Gimn\u00e0stica per a la gent gran amb la finalitat&hellip;<\/p>\n","protected":false},"author":3,"featured_media":1250,"comment_status":"closed","ping_status":"closed","sticky":false,"template":"","format":"standard","meta":{"footnotes":""},"categories":[1],"tags":[27,24,50],"class_list":["post-1249","post","type-post","status-publish","format-standard","has-post-thumbnail","hentry","category-general","tag-benestar-ccae","tag-inclusio-social","tag-tallers-gent-gran","category-1","description-off"],"_links":{"self":[{"href":"https:\/\/inclusioaltemporda.cat\/portal\/wp-json\/wp\/v2\/posts\/1249","targetHints":{"allow":["GET"]}}],"collection":[{"href":"https:\/\/inclusioaltemporda.cat\/portal\/wp-json\/wp\/v2\/posts"}],"about":[{"href":"https:\/\/inclusioaltemporda.cat\/portal\/wp-json\/wp\/v2\/types\/post"}],"author":[{"embeddable":true,"href":"https:\/\/inclusioaltemporda.cat\/portal\/wp-json\/wp\/v2\/users\/3"}],"replies":[{"embeddable":true,"href":"https:\/\/inclusioaltemporda.cat\/portal\/wp-json\/wp\/v2\/comments?post=1249"}],"version-history":[{"count":7,"href":"https:\/\/inclusioaltemporda.cat\/portal\/wp-json\/wp\/v2\/posts\/1249\/revisions"}],"predecessor-version":[{"id":3417,"href":"https:\/\/inclusioaltemporda.cat\/portal\/wp-json\/wp\/v2\/posts\/1249\/revisions\/3417"}],"wp:featuredmedia":[{"embeddable":true,"href":"https:\/\/inclusioaltemporda.cat\/portal\/wp-json\/wp\/v2\/media\/1250"}],"wp:attachment":[{"href":"https:\/\/inclusioaltemporda.cat\/portal\/wp-json\/wp\/v2\/media?parent=1249"}],"wp:term":[{"taxonomy":"category","embeddable":true,"href":"https:\/\/inclusioaltemporda.cat\/portal\/wp-json\/wp\/v2\/categories?post=1249"},{"taxonomy":"post_tag","embeddable":true,"href":"https:\/\/inclusioaltemporda.cat\/portal\/wp-json\/wp\/v2\/tags?post=1249"}],"curies":[{"name":"wp","href":"https:\/\/api.w.org\/{rel}","templated":true}]}}