{"id":1258,"date":"2013-02-22T12:41:43","date_gmt":"2013-02-22T10:41:43","guid":{"rendered":"https:\/\/inclusioaltemporda.cat\/portal\/?p=1258"},"modified":"2016-02-01T09:21:52","modified_gmt":"2016-02-01T08:21:52","slug":"tercera-reunio-del-comite-executiu-del-pla-dinclusio-2002","status":"publish","type":"post","link":"https:\/\/inclusioaltemporda.cat\/portal\/tercera-reunio-del-comite-executiu-del-pla-dinclusio-2002\/","title":{"rendered":"<!--:CA-->Tercera reuni\u00f3 del Comit\u00e9 Executiu del Pla d&#8217;Inclusi\u00f3 (20\/02)<!--:-->"},"content":{"rendered":"<p><!--:CA-->Avui es dur\u00e0 a terme la tercera reuni\u00f3 del Comit\u00e8 executiu del <a href=\"https:\/\/inclusioaltemporda.cat\/portal\/pla-dinclusio\/\">Pla d&#8217;Inclusi\u00f3<\/a>. Aquest espai de treball, format per t\u00e8cnics de diferents \u00e0rees del Consell Comarcal i dels Ajuntaments de la comarca implicats en l&#8217;elaboraci\u00f3 del Pla, t\u00e9 com a principal objectiu impulsar a nivell t\u00e8cnic el proc\u00e9s de redacci\u00f3 del Pla per a la Inclusi\u00f3 i la Cohesi\u00f3 de l&#8217;Alt Empord\u00e0.<\/p>\n<p>La reuni\u00f3 d&#8217;avui centrar\u00e0 la seva atenci\u00f3 en la definici\u00f3 dels objectius estrat\u00e8gics que s&#8217;inclouran en la primera proposta de Document de Bases per a l&#8217;elaboraci\u00f3 del Pla. Aquests han de permetre fixar les prioritats de treball de les pol\u00edtiques per a la inclusi\u00f3, en els diferents \u00e0mbits de la vida de les persones, per als propers anys a la comarca.<\/p>\n<p>&nbsp;<!--:--><!--:en--><br \/>\n<!--:--><!--:fr--><br \/>\n<!--:--><!--:es--><br \/>\n<!--:--><\/p>\n","protected":false},"excerpt":{"rendered":"<p>Avui es dur\u00e0 a terme la tercera reuni\u00f3 del Comit\u00e8 executiu del Pla d&#8217;Inclusi\u00f3. Aquest espai de treball, format per t\u00e8cnics de diferents \u00e0rees del Consell Comarcal i dels Ajuntaments&hellip;<\/p>\n","protected":false},"author":2,"featured_media":1259,"comment_status":"closed","ping_status":"closed","sticky":false,"template":"","format":"standard","meta":{"footnotes":""},"categories":[12],"tags":[27,24,16],"class_list":["post-1258","post","type-post","status-publish","format-standard","has-post-thumbnail","hentry","category-pla-dinclusio-2","tag-benestar-ccae","tag-inclusio-social","tag-pla-inclusio","category-12","description-off"],"_links":{"self":[{"href":"https:\/\/inclusioaltemporda.cat\/portal\/wp-json\/wp\/v2\/posts\/1258","targetHints":{"allow":["GET"]}}],"collection":[{"href":"https:\/\/inclusioaltemporda.cat\/portal\/wp-json\/wp\/v2\/posts"}],"about":[{"href":"https:\/\/inclusioaltemporda.cat\/portal\/wp-json\/wp\/v2\/types\/post"}],"author":[{"embeddable":true,"href":"https:\/\/inclusioaltemporda.cat\/portal\/wp-json\/wp\/v2\/users\/2"}],"replies":[{"embeddable":true,"href":"https:\/\/inclusioaltemporda.cat\/portal\/wp-json\/wp\/v2\/comments?post=1258"}],"version-history":[{"count":3,"href":"https:\/\/inclusioaltemporda.cat\/portal\/wp-json\/wp\/v2\/posts\/1258\/revisions"}],"predecessor-version":[{"id":1262,"href":"https:\/\/inclusioaltemporda.cat\/portal\/wp-json\/wp\/v2\/posts\/1258\/revisions\/1262"}],"wp:featuredmedia":[{"embeddable":true,"href":"https:\/\/inclusioaltemporda.cat\/portal\/wp-json\/wp\/v2\/media\/1259"}],"wp:attachment":[{"href":"https:\/\/inclusioaltemporda.cat\/portal\/wp-json\/wp\/v2\/media?parent=1258"}],"wp:term":[{"taxonomy":"category","embeddable":true,"href":"https:\/\/inclusioaltemporda.cat\/portal\/wp-json\/wp\/v2\/categories?post=1258"},{"taxonomy":"post_tag","embeddable":true,"href":"https:\/\/inclusioaltemporda.cat\/portal\/wp-json\/wp\/v2\/tags?post=1258"}],"curies":[{"name":"wp","href":"https:\/\/api.w.org\/{rel}","templated":true}]}}