{"id":1263,"date":"2013-02-22T12:55:42","date_gmt":"2013-02-22T11:55:42","guid":{"rendered":"https:\/\/inclusioaltemporda.cat\/portal\/?p=1263"},"modified":"2016-02-01T09:21:52","modified_gmt":"2016-02-01T08:21:52","slug":"vols-ser-voluntari-de-caritas-figueres","status":"publish","type":"post","link":"https:\/\/inclusioaltemporda.cat\/portal\/vols-ser-voluntari-de-caritas-figueres\/","title":{"rendered":"Vols ser voluntari de C\u00e0ritas Figueres?"},"content":{"rendered":"<p><!--:CA-->C\u00e0ritas Figueres fa una crida per tal de sumar voluntaris i volunt\u00e0ries per atendre els seg\u00fcents serveis<\/p>\n<p><strong>Centre de Distribuci\u00f3 d\u2019Aliments &#8211; CDA &#8211;<\/strong><br \/>\nFuncions b\u00e0siques:<\/p>\n<ul>\n<li>Acompanyar i informar als usuaris d\u2019aquest servei.<\/li>\n<li>Control de recepci\u00f3 i sortida d\u2019aliments.<\/li>\n<li>Col\u00b7laborar en la reposici\u00f3 dels aliments del Centre.<\/li>\n<\/ul>\n<p>Dirigit a persones que disposen de temps pels matins, i que vulguin entrar a formar part d\u2019un equip consolidat i de caire social que, desinteressadament,\u00a0 volen ajudar als altres.<\/p>\n<p><strong>Recepci\u00f3 de C\u00e0ritas Figueres<\/strong><br \/>\nFuncions b\u00e0siques:<\/p>\n<ul>\n<li>Informar a les persones que es dirigeixen a la nostra entitat sol\u00b7licitant els nostres serveis.<\/li>\n<li>Dirigir aquestes persones cap el t\u00e8cnic, servei o entitat m\u00e9s adient en cada cas.<\/li>\n<li>Rebr\u00e0 tota l\u2019 informaci\u00f3, i la formaci\u00f3 pr\u00e8via, per donar aquest servei. Estar\u00e0 sempre acompanyat per un altre voluntari.<\/li>\n<\/ul>\n<p>Dirigit a persones que vulguin entrar a formar part del nostre equip de recepci\u00f3, amb capacitat per escoltar i detectar la necessitat de la persona que demana el nostre ajut. No t\u00e9 que donar solucions, solament dirigir-la cap el servei m\u00e9s adient. L\u2019horari de la recepci\u00f3 \u00e9s pels matins.<\/p>\n<p>Per m\u00e9s informaci\u00f3 sobre el voluntariat us podeu adre\u00e7ar a:<br \/>\nC\u00e0ritas Figueres.<br \/>\nPla\u00e7a Sant Vicen\u00e7 de Pa\u00fcl, 2 ( al costat de la pla\u00e7a de l\u2019estaci\u00f3)<br \/>\nTel. 972 504152 ( horari: de 9:00 a 13:00h).<br \/>\ne.mail:\u00a0 info@caritasfigueres.org<!--:--><!--:en--><br \/>\n<!--:--><!--:fr--><br \/>\n<!--:--><!--:es--><br \/>\n<!--:--><\/p>\n","protected":false},"excerpt":{"rendered":"<p>C\u00e0ritas Figueres fa una crida per tal de sumar voluntaris i volunt\u00e0ries per atendre els seg\u00fcents serveis Centre de Distribuci\u00f3 d\u2019Aliments &#8211; CDA &#8211; Funcions b\u00e0siques: Acompanyar i informar als&hellip;<\/p>\n","protected":false},"author":2,"featured_media":1174,"comment_status":"closed","ping_status":"closed","sticky":false,"template":"","format":"standard","meta":{"footnotes":""},"categories":[11],"tags":[24,17,51],"class_list":["post-1263","post","type-post","status-publish","format-standard","has-post-thumbnail","hentry","category-taula-inclusio","tag-inclusio-social","tag-taula","tag-voluntariat","category-11","description-off"],"_links":{"self":[{"href":"https:\/\/inclusioaltemporda.cat\/portal\/wp-json\/wp\/v2\/posts\/1263","targetHints":{"allow":["GET"]}}],"collection":[{"href":"https:\/\/inclusioaltemporda.cat\/portal\/wp-json\/wp\/v2\/posts"}],"about":[{"href":"https:\/\/inclusioaltemporda.cat\/portal\/wp-json\/wp\/v2\/types\/post"}],"author":[{"embeddable":true,"href":"https:\/\/inclusioaltemporda.cat\/portal\/wp-json\/wp\/v2\/users\/2"}],"replies":[{"embeddable":true,"href":"https:\/\/inclusioaltemporda.cat\/portal\/wp-json\/wp\/v2\/comments?post=1263"}],"version-history":[{"count":4,"href":"https:\/\/inclusioaltemporda.cat\/portal\/wp-json\/wp\/v2\/posts\/1263\/revisions"}],"predecessor-version":[{"id":3418,"href":"https:\/\/inclusioaltemporda.cat\/portal\/wp-json\/wp\/v2\/posts\/1263\/revisions\/3418"}],"wp:featuredmedia":[{"embeddable":true,"href":"https:\/\/inclusioaltemporda.cat\/portal\/wp-json\/wp\/v2\/media\/1174"}],"wp:attachment":[{"href":"https:\/\/inclusioaltemporda.cat\/portal\/wp-json\/wp\/v2\/media?parent=1263"}],"wp:term":[{"taxonomy":"category","embeddable":true,"href":"https:\/\/inclusioaltemporda.cat\/portal\/wp-json\/wp\/v2\/categories?post=1263"},{"taxonomy":"post_tag","embeddable":true,"href":"https:\/\/inclusioaltemporda.cat\/portal\/wp-json\/wp\/v2\/tags?post=1263"}],"curies":[{"name":"wp","href":"https:\/\/api.w.org\/{rel}","templated":true}]}}