{"id":1268,"date":"2013-02-25T11:05:51","date_gmt":"2013-02-25T10:05:51","guid":{"rendered":"https:\/\/inclusioaltemporda.cat\/portal\/?p=1268"},"modified":"2016-02-01T09:21:52","modified_gmt":"2016-02-01T08:21:52","slug":"lhumor-terapeutic-com-a-eina-per-apoderar-persones-en-risc-dexclusio-social","status":"publish","type":"post","link":"https:\/\/inclusioaltemporda.cat\/portal\/lhumor-terapeutic-com-a-eina-per-apoderar-persones-en-risc-dexclusio-social\/","title":{"rendered":"L&#8217;humor terap\u00e8utic com a eina per apoderar persones en risc d&#8217;exclusi\u00f3 social"},"content":{"rendered":"<p><!--:CA-->Poden tenir el riure i l\u2019humor aplicacions psicoterap\u00e8utiques? Jordi Baiget, educador social i terapeuta, parlar\u00e0 d\u2019aquesta t\u00e8cnica per afavorir la integraci\u00f3 social de persones en risc d\u2019exclusi\u00f3 en la la confer\u00e8ncia \u201cL&#8217;humor terap\u00e8utic com a eina per apoderar persones en situaci\u00f3 de risc d&#8217;exclusi\u00f3 social\u201d. <\/p>\n<p>Baiget explicar\u00e0 la seva experi\u00e8ncia pionera aplicant t\u00e8cniques espec\u00edfiques del camp de la programaci\u00f3 neuroling\u00fc\u00edstica (PNL), el i l\u2019humor terap\u00e8utic (THT) per millorar la qualitat de vida de persones en situaci\u00f3 de vulnerabilitat social. El conferenciant t\u00e9 experi\u00e8ncia com a dinamitzador de diversos tallers amb col\u00b7lectius d\u2019immigrants i persones benefici\u00e0ries de la renda m\u00ednima d&#8217;inserci\u00f3, de prestacions d\u2019atur o sense ingressos i a Serveis B\u00e0sics d\u2019Atenci\u00f3 Prim\u00e0ria.<\/p>\n<p>La confer\u00e8ncia est\u00e0 organitzada conjuntament per DIXIT Centre de Documentaci\u00f3 de Serveis Socials i el Col\u00b7legi d\u2019Educadores i Educadors Socials de Cat. Hi ha programades dues edicions: la primera, el 13 de mar\u00e7, al centre DIXIT de Barcelona, i la segona, el 27 de mar\u00e7, a DIXIT Girona.<\/p>\n<p>En <a href=\"http:\/\/www20.gencat.cat\/portal\/site\/dixit\/menuitem.b8aa048b9745a314f2801d10b0c0e1a0\/?vgnextoid=3a176f2ac21d0310VgnVCM2000009b0c1e0aRCRD&#038;vgnextchannel=3a176f2ac21d0310VgnVCM2000009b0c1e0aRCRD&#038;vgnextfmt=detall&#038;contentid=fdab5ffcaa8dc310VgnVCM2000009b0c1e0aRCRD&#038;newLang=ca_ES\"target=_blank\">aquest enlla\u00e7<\/a> hi trobareu m\u00e9s informaci\u00f3 i us hi podreu inscriure<br \/>\n<!--:--><!--:en--><br \/>\n<!--:--><!--:fr--><br \/>\n<!--:--><!--:es--><br \/>\n<!--:--><\/p>\n","protected":false},"excerpt":{"rendered":"<p>Poden tenir el riure i l\u2019humor aplicacions psicoterap\u00e8utiques? Jordi Baiget, educador social i terapeuta, parlar\u00e0 d\u2019aquesta t\u00e8cnica per afavorir la integraci\u00f3 social de persones en risc d\u2019exclusi\u00f3 en la la&hellip;<\/p>\n","protected":false},"author":2,"featured_media":1063,"comment_status":"closed","ping_status":"closed","sticky":false,"template":"","format":"standard","meta":{"footnotes":""},"categories":[1],"tags":[34,27,121,24,40],"class_list":["post-1268","post","type-post","status-publish","format-standard","has-post-thumbnail","hentry","category-general","tag-aula-professionals","tag-benestar-ccae","tag-enllacos-dinteres-ca","tag-inclusio-social","tag-recursos","category-1","description-off"],"_links":{"self":[{"href":"https:\/\/inclusioaltemporda.cat\/portal\/wp-json\/wp\/v2\/posts\/1268","targetHints":{"allow":["GET"]}}],"collection":[{"href":"https:\/\/inclusioaltemporda.cat\/portal\/wp-json\/wp\/v2\/posts"}],"about":[{"href":"https:\/\/inclusioaltemporda.cat\/portal\/wp-json\/wp\/v2\/types\/post"}],"author":[{"embeddable":true,"href":"https:\/\/inclusioaltemporda.cat\/portal\/wp-json\/wp\/v2\/users\/2"}],"replies":[{"embeddable":true,"href":"https:\/\/inclusioaltemporda.cat\/portal\/wp-json\/wp\/v2\/comments?post=1268"}],"version-history":[{"count":4,"href":"https:\/\/inclusioaltemporda.cat\/portal\/wp-json\/wp\/v2\/posts\/1268\/revisions"}],"predecessor-version":[{"id":3420,"href":"https:\/\/inclusioaltemporda.cat\/portal\/wp-json\/wp\/v2\/posts\/1268\/revisions\/3420"}],"wp:featuredmedia":[{"embeddable":true,"href":"https:\/\/inclusioaltemporda.cat\/portal\/wp-json\/wp\/v2\/media\/1063"}],"wp:attachment":[{"href":"https:\/\/inclusioaltemporda.cat\/portal\/wp-json\/wp\/v2\/media?parent=1268"}],"wp:term":[{"taxonomy":"category","embeddable":true,"href":"https:\/\/inclusioaltemporda.cat\/portal\/wp-json\/wp\/v2\/categories?post=1268"},{"taxonomy":"post_tag","embeddable":true,"href":"https:\/\/inclusioaltemporda.cat\/portal\/wp-json\/wp\/v2\/tags?post=1268"}],"curies":[{"name":"wp","href":"https:\/\/api.w.org\/{rel}","templated":true}]}}