{"id":1271,"date":"2013-02-26T09:00:19","date_gmt":"2013-02-26T08:00:19","guid":{"rendered":"https:\/\/inclusioaltemporda.cat\/portal\/?p=1271"},"modified":"2016-02-01T09:21:51","modified_gmt":"2016-02-01T08:21:51","slug":"coneix-les-entitats-de-la-taula-ong-tallers","status":"publish","type":"post","link":"https:\/\/inclusioaltemporda.cat\/portal\/coneix-les-entitats-de-la-taula-ong-tallers\/","title":{"rendered":"Coneix les entitats de la Taula: ONG Tallers"},"content":{"rendered":"<p><!--:CA-->Amb aquest entrada iniciem la secci\u00f3 &#8220;Coneix les Entitats de la Taula&#8221; que tindr\u00e0 com objectiu presentar individualment totes les associacions que participen en la Taula per a la Inclusi\u00f3 i la Cohesi\u00f3 social de l&#8217;Alt Empord\u00e0. Encetem aquest espai amb l&#8217;ONG Tallers<\/p>\n<p>L&#8217;<a href=\"https:\/\/inclusioaltemporda.cat\/portal\/wp-content\/uploads\/fitxa-ong-tallers.pdf\">ONG Tallers<\/a> \u00e9s una associaci\u00f3 sense \u00e0nim de lucre creada al 1995 com a associaci\u00f3 L\u00e0ser, que treball\u00e0 fins l&#8217;any 2002 en l&#8217;\u00e0mbit dels recursos de formaci\u00f3 ocupacional. \u00c9s a partir de 2003 que es crea l\u2019Associaci\u00f3 Tallers, centrant el seu treball en l\u2019\u00e0mbit de l\u2019habitatge, tot i que l&#8217;entitat ja venia treballant aquest tema des del 1998.<\/p>\n<p>L&#8217;entitat treballa amb els col\u00b7lectiu d\u2019adults, dones, gents gran, immigrants i persones sense sostre. Els \u00e0mbits d\u2019actuaci\u00f3 s\u00f3n l\u2019habitatge i l\u2019\u00e0mbit social i el territori d\u2019actuaci\u00f3 de l&#8217;ONG Tallers \u00e9s el conjunt de la comarca.<!--:--><\/p>\n","protected":false},"excerpt":{"rendered":"<p>Amb aquest entrada iniciem la secci\u00f3 &#8220;Coneix les Entitats de la Taula&#8221; que tindr\u00e0 com objectiu presentar individualment totes les associacions que participen en la Taula per a la Inclusi\u00f3&hellip;<\/p>\n","protected":false},"author":2,"featured_media":1272,"comment_status":"closed","ping_status":"closed","sticky":false,"template":"","format":"standard","meta":{"footnotes":""},"categories":[1,11],"tags":[52,24,16,17],"class_list":["post-1271","post","type-post","status-publish","format-standard","has-post-thumbnail","hentry","category-general","category-taula-inclusio","tag-entitats-de-la-taula","tag-inclusio-social","tag-pla-inclusio","tag-taula","category-1","category-11","description-off"],"_links":{"self":[{"href":"https:\/\/inclusioaltemporda.cat\/portal\/wp-json\/wp\/v2\/posts\/1271","targetHints":{"allow":["GET"]}}],"collection":[{"href":"https:\/\/inclusioaltemporda.cat\/portal\/wp-json\/wp\/v2\/posts"}],"about":[{"href":"https:\/\/inclusioaltemporda.cat\/portal\/wp-json\/wp\/v2\/types\/post"}],"author":[{"embeddable":true,"href":"https:\/\/inclusioaltemporda.cat\/portal\/wp-json\/wp\/v2\/users\/2"}],"replies":[{"embeddable":true,"href":"https:\/\/inclusioaltemporda.cat\/portal\/wp-json\/wp\/v2\/comments?post=1271"}],"version-history":[{"count":6,"href":"https:\/\/inclusioaltemporda.cat\/portal\/wp-json\/wp\/v2\/posts\/1271\/revisions"}],"predecessor-version":[{"id":3421,"href":"https:\/\/inclusioaltemporda.cat\/portal\/wp-json\/wp\/v2\/posts\/1271\/revisions\/3421"}],"wp:featuredmedia":[{"embeddable":true,"href":"https:\/\/inclusioaltemporda.cat\/portal\/wp-json\/wp\/v2\/media\/1272"}],"wp:attachment":[{"href":"https:\/\/inclusioaltemporda.cat\/portal\/wp-json\/wp\/v2\/media?parent=1271"}],"wp:term":[{"taxonomy":"category","embeddable":true,"href":"https:\/\/inclusioaltemporda.cat\/portal\/wp-json\/wp\/v2\/categories?post=1271"},{"taxonomy":"post_tag","embeddable":true,"href":"https:\/\/inclusioaltemporda.cat\/portal\/wp-json\/wp\/v2\/tags?post=1271"}],"curies":[{"name":"wp","href":"https:\/\/api.w.org\/{rel}","templated":true}]}}