{"id":1274,"date":"2013-02-27T09:00:11","date_gmt":"2013-02-27T08:00:11","guid":{"rendered":"https:\/\/inclusioaltemporda.cat\/portal\/?p=1274"},"modified":"2016-02-01T09:21:51","modified_gmt":"2016-02-01T08:21:51","slug":"sessio-de-treball-a-brussel%c2%b7les-del-projecte-labour-plus","status":"publish","type":"post","link":"https:\/\/inclusioaltemporda.cat\/portal\/sessio-de-treball-a-brussel%c2%b7les-del-projecte-labour-plus\/","title":{"rendered":"Sessi\u00f3 de treball a Brussel\u00b7les del projecte Labour Plus"},"content":{"rendered":"<p><!--:CA-->L&#8217;Equip T\u00e8cnic d&#8217;Inclusi\u00f3 de l&#8217;\u00e0rea de Benestar participa avui i dem\u00e0 en una reuni\u00f3 de continguts del projecte europeu Labour Plus que se celebra a la seu de l&#8217;<a title=\"ENTP\" href=\"http:\/\/www.pilotcities.eu\/\">ENTP<\/a> a Brussel\u00b7les.\u00a0 En el decurs d&#8217;aquesta sessi\u00f3 de treball es presentar\u00e0 l&#8217;an\u00e0lisi de bones pr\u00e0ctiques en inserci\u00f3 laboral de persones en risc d&#8217;exclusi\u00f3 social que ha elaborat aquest equip, a partir dels casos treballats per tots els socis que participen en aquest projecte.<\/p>\n<p title=\"11 socis europeus\">La xarxa de treball d&#8217;aquest projecte est\u00e0 integrada per 11 socis europeus i es\u00a0 va posar en marxa l\u2019any passat.\u00a0 La finalitat del projecte Labour Plus, que ser\u00e0 actiu fins a finals de l&#8217;any 2015, \u00e9s crear un espai d\u2019intercanvi d\u2019experi\u00e8ncies a nivell europeu per millorar la situaci\u00f3 de la poblaci\u00f3 m\u00e9s vulnerable en el mercat de treball, en especial poblaci\u00f3 d&#8217;origen immigrant i d&#8217;\u00e8tnia gitana,\u00a0 i dissenyar una eina d\u2019intervenci\u00f3 innovadora a escala local que faciliti aproximacions integrals a la inclusi\u00f3 sociolaboral d&#8217;aquesta poblaci\u00f3 en risc.<\/p>\n<p title=\"11 socis europeus\">Si teniu inter\u00e8s a con\u00e8ixer m\u00e9s detalls d&#8217;aquest projecte, podeu accedir-hi mitjan\u00e7ant aquest <a title=\"enlla\u00e7\" href=\"http:\/\/www.labourplus.eu\/\">enlla\u00e7<\/a>.<\/p>\n<p><!--:--><!--:en--><\/p>\n<p><!--:--><!--:fr--><\/p>\n<p><!--:--><!--:es--><\/p>\n<p><!--:--><\/p>\n","protected":false},"excerpt":{"rendered":"<p>L&#8217;Equip T\u00e8cnic d&#8217;Inclusi\u00f3 de l&#8217;\u00e0rea de Benestar participa avui i dem\u00e0 en una reuni\u00f3 de continguts del projecte europeu Labour Plus que se celebra a la seu de l&#8217;ENTP a&hellip;<\/p>\n","protected":false},"author":3,"featured_media":1277,"comment_status":"closed","ping_status":"closed","sticky":false,"template":"","format":"standard","meta":{"footnotes":""},"categories":[1],"tags":[24,45],"class_list":["post-1274","post","type-post","status-publish","format-standard","has-post-thumbnail","hentry","category-general","tag-inclusio-social","tag-projecte-labour-plus","category-1","description-off"],"_links":{"self":[{"href":"https:\/\/inclusioaltemporda.cat\/portal\/wp-json\/wp\/v2\/posts\/1274","targetHints":{"allow":["GET"]}}],"collection":[{"href":"https:\/\/inclusioaltemporda.cat\/portal\/wp-json\/wp\/v2\/posts"}],"about":[{"href":"https:\/\/inclusioaltemporda.cat\/portal\/wp-json\/wp\/v2\/types\/post"}],"author":[{"embeddable":true,"href":"https:\/\/inclusioaltemporda.cat\/portal\/wp-json\/wp\/v2\/users\/3"}],"replies":[{"embeddable":true,"href":"https:\/\/inclusioaltemporda.cat\/portal\/wp-json\/wp\/v2\/comments?post=1274"}],"version-history":[{"count":6,"href":"https:\/\/inclusioaltemporda.cat\/portal\/wp-json\/wp\/v2\/posts\/1274\/revisions"}],"predecessor-version":[{"id":3455,"href":"https:\/\/inclusioaltemporda.cat\/portal\/wp-json\/wp\/v2\/posts\/1274\/revisions\/3455"}],"wp:featuredmedia":[{"embeddable":true,"href":"https:\/\/inclusioaltemporda.cat\/portal\/wp-json\/wp\/v2\/media\/1277"}],"wp:attachment":[{"href":"https:\/\/inclusioaltemporda.cat\/portal\/wp-json\/wp\/v2\/media?parent=1274"}],"wp:term":[{"taxonomy":"category","embeddable":true,"href":"https:\/\/inclusioaltemporda.cat\/portal\/wp-json\/wp\/v2\/categories?post=1274"},{"taxonomy":"post_tag","embeddable":true,"href":"https:\/\/inclusioaltemporda.cat\/portal\/wp-json\/wp\/v2\/tags?post=1274"}],"curies":[{"name":"wp","href":"https:\/\/api.w.org\/{rel}","templated":true}]}}