{"id":1284,"date":"2013-02-28T09:00:54","date_gmt":"2013-02-28T08:00:54","guid":{"rendered":"https:\/\/inclusioaltemporda.cat\/portal\/?p=1284"},"modified":"2016-02-01T09:21:51","modified_gmt":"2016-02-01T08:21:51","slug":"dispositiu-de-suport-a-la-insercio-sociolaboral-de-col%c2%b7lectius-amb-dificultats-especials-al-centre-historic-de-figueres","status":"publish","type":"post","link":"https:\/\/inclusioaltemporda.cat\/portal\/dispositiu-de-suport-a-la-insercio-sociolaboral-de-col%c2%b7lectius-amb-dificultats-especials-al-centre-historic-de-figueres\/","title":{"rendered":"Dispositiu de suport a la inserci\u00f3 sociolaboral de col\u00b7lectius amb dificultats especials al Centre Hist\u00f2ric de Figueres"},"content":{"rendered":"<p><!--:CA-->L&#8217;Oficina del Pla de Barris del Centre Hist\u00f2ric de Figueres ha posat en marxa el Dispositiu de Suport a la inserci\u00f3 sociolaboral de col\u00b7lectius amb dificultats especials al Centre Hist\u00f2ric de Figueres. Aquest recurs ofereix orientaci\u00f3 laboral i acompanyament tutorial, aix\u00ed com tamb\u00e9 formaci\u00f3 en compet\u00e8ncies b\u00e0siques, transversals i professionalitzadores. El Dispositiu de Suport a la inserci\u00f3 sociolaboral pret\u00e9n atendre un total de 60 usuaris\/es durant l&#8217;any 2013, preferiblement residents al Centre Hist\u00f2ric de la ciutat.<\/p>\n<p>Per a m\u00e9s informaci\u00f3 us podeu adre\u00e7ar a l&#8217;Oficina del Pla de Barris del Centre Hist\u00f2ric al carrer\u00f3 Caputxins s\/n de Figueres, o a trav\u00e9s del tel\u00e8fon 972.105.196<!--:--><!--:en--><br \/>\n<!--:--><!--:fr--><br \/>\n<!--:--><!--:es--><br \/>\n<!--:--><\/p>\n","protected":false},"excerpt":{"rendered":"<p>L&#8217;Oficina del Pla de Barris del Centre Hist\u00f2ric de Figueres ha posat en marxa el Dispositiu de Suport a la inserci\u00f3 sociolaboral de col\u00b7lectius amb dificultats especials al Centre Hist\u00f2ric&hellip;<\/p>\n","protected":false},"author":2,"featured_media":1114,"comment_status":"closed","ping_status":"closed","sticky":false,"template":"","format":"standard","meta":{"footnotes":""},"categories":[1],"tags":[53,34,24,43],"class_list":["post-1284","post","type-post","status-publish","format-standard","has-post-thumbnail","hentry","category-general","tag-ajuntament-figueres","tag-aula-professionals","tag-inclusio-social","tag-insercio-sociolaboral","category-1","description-off"],"_links":{"self":[{"href":"https:\/\/inclusioaltemporda.cat\/portal\/wp-json\/wp\/v2\/posts\/1284","targetHints":{"allow":["GET"]}}],"collection":[{"href":"https:\/\/inclusioaltemporda.cat\/portal\/wp-json\/wp\/v2\/posts"}],"about":[{"href":"https:\/\/inclusioaltemporda.cat\/portal\/wp-json\/wp\/v2\/types\/post"}],"author":[{"embeddable":true,"href":"https:\/\/inclusioaltemporda.cat\/portal\/wp-json\/wp\/v2\/users\/2"}],"replies":[{"embeddable":true,"href":"https:\/\/inclusioaltemporda.cat\/portal\/wp-json\/wp\/v2\/comments?post=1284"}],"version-history":[{"count":7,"href":"https:\/\/inclusioaltemporda.cat\/portal\/wp-json\/wp\/v2\/posts\/1284\/revisions"}],"predecessor-version":[{"id":3452,"href":"https:\/\/inclusioaltemporda.cat\/portal\/wp-json\/wp\/v2\/posts\/1284\/revisions\/3452"}],"wp:featuredmedia":[{"embeddable":true,"href":"https:\/\/inclusioaltemporda.cat\/portal\/wp-json\/wp\/v2\/media\/1114"}],"wp:attachment":[{"href":"https:\/\/inclusioaltemporda.cat\/portal\/wp-json\/wp\/v2\/media?parent=1284"}],"wp:term":[{"taxonomy":"category","embeddable":true,"href":"https:\/\/inclusioaltemporda.cat\/portal\/wp-json\/wp\/v2\/categories?post=1284"},{"taxonomy":"post_tag","embeddable":true,"href":"https:\/\/inclusioaltemporda.cat\/portal\/wp-json\/wp\/v2\/tags?post=1284"}],"curies":[{"name":"wp","href":"https:\/\/api.w.org\/{rel}","templated":true}]}}