{"id":1289,"date":"2013-03-01T13:03:01","date_gmt":"2013-03-01T12:03:01","guid":{"rendered":"https:\/\/inclusioaltemporda.cat\/portal\/?p=1289"},"modified":"2016-01-29T17:08:30","modified_gmt":"2016-01-29T16:08:30","slug":"coneix-les-entitats-de-la-taula-caritas","status":"publish","type":"post","link":"https:\/\/inclusioaltemporda.cat\/portal\/coneix-les-entitats-de-la-taula-caritas\/","title":{"rendered":"Coneix les entitats de la taula: C\u00e0ritas"},"content":{"rendered":"<p><!--:CA-->C\u00e0ritas \u00e9s una entitat que pertany a l&#8217;esgl\u00e9sia cat\u00f2lica que t\u00e9 com a objectiu donar resposta a les necessitats de les persones i col\u00b7lectius m\u00e9s desfavorits socialment mitjan\u00e7ant programes d\u2019assist\u00e8ncia, orientaci\u00f3, acompanyament i promoci\u00f3 educativa i laboral.<\/p>\n<p>Aquesta entitat ajuda aquelles persones en situaci\u00f3 m\u00e9s vulnerable de la comarca\u00a0 i treballa amb persones que es troben en situaci\u00f3 irregular o indocumentades i amb persones derivades de les administracions p\u00fabliques amb necessitats b\u00e0siques d&#8217;alimentaci\u00f3, roba i sostre.<\/p>\n<p>L&#8217;entitat gestiona diferents programes de suport per a aquestes persones i col\u00b7lectius i treballa principalment amb infants, adolescents, dones, adults, persones sense sostre i persones d&#8217;origen immigrant.<\/p>\n<p>C\u00e0ritas Interparroquial de Figueres ofereix els serveis seg\u00fcents:<\/p>\n<p style=\"padding-left: 30px;\">\u00a01. Atenci\u00f3 laboral, acollida i formaci\u00f3 de RMI; atenci\u00f3 psicol\u00f2gica i atenci\u00f3 jur\u00eddica.<\/p>\n<p style=\"padding-left: 30px;\">2. Formaci\u00f3: Escola d&#8217;adults, refor\u00e7 escolar, alfabetitzaci\u00f3 en catal\u00e0 i castell\u00e0 I cursos d&#8217;idiomes I en TIC.<\/p>\n<p>Els municipis de Roses, Castell\u00f3 d&#8217;Emp\u00faries, l&#8217;Escala, La Jonquera i Llan\u00e7\u00e0 compten amb una C\u00e0ritas parroquial pr\u00f2pia.<\/p>\n<p>Si teniu m\u00e9s inter\u00e8s a con\u00e8ixer aquesta entitat o voleu col\u00b7laborar-hi ho podeu fer mitjan\u00e7ant els enlla\u00e7os seg\u00fcents:<\/p>\n<p><a title=\"C\u00e0ritas Figueres\" href=\"http:\/\/caritasfigueres.entitatsfigueres.cat\/presentacio1_1\/_uAlD6pePkNY7B823YQaFNH0_GdL5ZI1hNO4tSyqVXTUI68e_qgwdXQ\">\u00a0C\u00e0ritas Figueres<\/a><\/p>\n<p><a title=\"Cercador C\u00e0ritas Alt Empord\u00e0\" href=\"http:\/\/www.caritasgirona.cat\/onsom.php?idm=1\">Cercador C\u00e0ritas a les comarques de Girona<\/a><!--:--><!--:en--><\/p>\n<p><!--:--><!--:fr--><\/p>\n<p><!--:--><!--:es--><\/p>\n<p><!--:--><\/p>\n","protected":false},"excerpt":{"rendered":"<p>C\u00e0ritas \u00e9s una entitat que pertany a l&#8217;esgl\u00e9sia cat\u00f2lica que t\u00e9 com a objectiu donar resposta a les necessitats de les persones i col\u00b7lectius m\u00e9s desfavorits socialment mitjan\u00e7ant programes d\u2019assist\u00e8ncia,&hellip;<\/p>\n","protected":false},"author":3,"featured_media":1291,"comment_status":"closed","ping_status":"open","sticky":false,"template":"","format":"standard","meta":{"footnotes":""},"categories":[1,11],"tags":[52,24,17],"class_list":["post-1289","post","type-post","status-publish","format-standard","has-post-thumbnail","hentry","category-general","category-taula-inclusio","tag-entitats-de-la-taula","tag-inclusio-social","tag-taula","category-1","category-11","description-off"],"_links":{"self":[{"href":"https:\/\/inclusioaltemporda.cat\/portal\/wp-json\/wp\/v2\/posts\/1289","targetHints":{"allow":["GET"]}}],"collection":[{"href":"https:\/\/inclusioaltemporda.cat\/portal\/wp-json\/wp\/v2\/posts"}],"about":[{"href":"https:\/\/inclusioaltemporda.cat\/portal\/wp-json\/wp\/v2\/types\/post"}],"author":[{"embeddable":true,"href":"https:\/\/inclusioaltemporda.cat\/portal\/wp-json\/wp\/v2\/users\/3"}],"replies":[{"embeddable":true,"href":"https:\/\/inclusioaltemporda.cat\/portal\/wp-json\/wp\/v2\/comments?post=1289"}],"version-history":[{"count":9,"href":"https:\/\/inclusioaltemporda.cat\/portal\/wp-json\/wp\/v2\/posts\/1289\/revisions"}],"predecessor-version":[{"id":3450,"href":"https:\/\/inclusioaltemporda.cat\/portal\/wp-json\/wp\/v2\/posts\/1289\/revisions\/3450"}],"wp:featuredmedia":[{"embeddable":true,"href":"https:\/\/inclusioaltemporda.cat\/portal\/wp-json\/wp\/v2\/media\/1291"}],"wp:attachment":[{"href":"https:\/\/inclusioaltemporda.cat\/portal\/wp-json\/wp\/v2\/media?parent=1289"}],"wp:term":[{"taxonomy":"category","embeddable":true,"href":"https:\/\/inclusioaltemporda.cat\/portal\/wp-json\/wp\/v2\/categories?post=1289"},{"taxonomy":"post_tag","embeddable":true,"href":"https:\/\/inclusioaltemporda.cat\/portal\/wp-json\/wp\/v2\/tags?post=1289"}],"curies":[{"name":"wp","href":"https:\/\/api.w.org\/{rel}","templated":true}]}}