{"id":1298,"date":"2013-03-04T10:27:26","date_gmt":"2013-03-04T09:27:26","guid":{"rendered":"https:\/\/inclusioaltemporda.cat\/portal\/?p=1298"},"modified":"2014-03-04T20:11:44","modified_gmt":"2014-03-04T19:11:44","slug":"els-joves-del-projecte-okupalt-finalitzen-els-primers-treballs-amb-exit","status":"publish","type":"post","link":"https:\/\/inclusioaltemporda.cat\/portal\/els-joves-del-projecte-okupalt-finalitzen-els-primers-treballs-amb-exit\/","title":{"rendered":"Els joves del projecte Okup&#8217;Alt finalitzen els primers treballs amb \u00e8xit"},"content":{"rendered":"<p><!--:CA-->Els joves que participen en el projecte Okup\u2019Alt de l&#8217;\u00e0rea de Joventut del Consell Comarcal de l&#8217;Alt Empord\u00e0 han finalitzat els primers treballs amb \u00e8xit. El grup de manetes ha estat realitzant tasques de manteniment a l&#8217;escola bressol d\u2019Avinyonet de Puigvent\u00f3s, com pintar l&#8217;edifici, envernissar finestres i construir un mur. Aquest mateix grup va pintar el cementiri de Portbou. El grup de forestal ha estat treballant a la Garriga de Vilanant on s&#8217;hi han desenvolupat diverses actuacions com la neteja de camins amb la desbrossadora, la construcci\u00f3 de barraques de pedra seca i el manteniment i neteja del bosc.<\/p>\n<p>El projecte Okup&#8217;Alt \u00e9s una iniciativa adre\u00e7ada a 42 joves de la comarca, que tenen entre 16 i 19 anys que ofereix formaci\u00f3 d\u2019oficis gratu\u00efta amb el suport dels ajuntaments i del teixit empresarial de la comarca. Aquest projecte compta amb la col\u00b7laboraci\u00f3 de la direcci\u00f3 general de Joventut de la Generalitat, la Diputaci\u00f3 de Girona, la Caixa, FOEG, bona part dels ajuntaments de la comarca, el Servei d\u2019Ocupaci\u00f3 de Catalunya (SOC), el Consorci del Castell de Sant Ferran, la Cooperativa Foresterra, els Amics de la Garriga, i diverses empreses i professionals de l\u2019\u00e0mbit social i educatiu vinculats al Consell Comarcal i altres institucions del territori.<\/p>\n<p>La formaci\u00f3 que reben els joves que participen en aquest programa est\u00e0 relacionada amb tres \u00e0mbits d&#8217;activitat professional (forestal, manetes i administratiu). Els joves que participen en les activitats de forestal i manetes -16 en cada cas- estan duent a terme actuacions en 20 municipis de la comarca, majorit\u00e0riament en tasques de recuperaci\u00f3 de les zones afectades pels focs i en l&#8217;espai de La Garriga, de gran inter\u00e8s arquitect\u00f2nic i cultural per les seves construccions de pedra seca. Altres joves estan fent l\u2019arranjament d\u2019equipaments municipals, escoles, centres c\u00edvics, cementiris o mobiliari urb\u00e0. Els joves del grup d&#8217;administratiu \u2013un total de 10- tenen la seva seu a Figueres, en un espai cedit per l&#8217;Ajuntament, i es fan c\u00e0rrec de totes les gestions administratives i de difusi\u00f3 del projecte.<!--:--><!--:en--><\/p>\n<p><!--:--><!--:fr--><\/p>\n<p><!--:--><!--:es--><\/p>\n<p><!--:--><\/p>\n","protected":false},"excerpt":{"rendered":"<p>Els joves que participen en el projecte Okup\u2019Alt de l&#8217;\u00e0rea de Joventut del Consell Comarcal de l&#8217;Alt Empord\u00e0 han finalitzat els primers treballs amb \u00e8xit. El grup de manetes ha&hellip;<\/p>\n","protected":false},"author":3,"featured_media":1302,"comment_status":"open","ping_status":"open","sticky":false,"template":"","format":"standard","meta":{"footnotes":""},"categories":[1],"tags":[24,54],"class_list":["post-1298","post","type-post","status-publish","format-standard","has-post-thumbnail","hentry","category-general","tag-inclusio-social","tag-okupalt-2013","category-1","description-off"],"_links":{"self":[{"href":"https:\/\/inclusioaltemporda.cat\/portal\/wp-json\/wp\/v2\/posts\/1298","targetHints":{"allow":["GET"]}}],"collection":[{"href":"https:\/\/inclusioaltemporda.cat\/portal\/wp-json\/wp\/v2\/posts"}],"about":[{"href":"https:\/\/inclusioaltemporda.cat\/portal\/wp-json\/wp\/v2\/types\/post"}],"author":[{"embeddable":true,"href":"https:\/\/inclusioaltemporda.cat\/portal\/wp-json\/wp\/v2\/users\/3"}],"replies":[{"embeddable":true,"href":"https:\/\/inclusioaltemporda.cat\/portal\/wp-json\/wp\/v2\/comments?post=1298"}],"version-history":[{"count":6,"href":"https:\/\/inclusioaltemporda.cat\/portal\/wp-json\/wp\/v2\/posts\/1298\/revisions"}],"predecessor-version":[{"id":3449,"href":"https:\/\/inclusioaltemporda.cat\/portal\/wp-json\/wp\/v2\/posts\/1298\/revisions\/3449"}],"wp:featuredmedia":[{"embeddable":true,"href":"https:\/\/inclusioaltemporda.cat\/portal\/wp-json\/wp\/v2\/media\/1302"}],"wp:attachment":[{"href":"https:\/\/inclusioaltemporda.cat\/portal\/wp-json\/wp\/v2\/media?parent=1298"}],"wp:term":[{"taxonomy":"category","embeddable":true,"href":"https:\/\/inclusioaltemporda.cat\/portal\/wp-json\/wp\/v2\/categories?post=1298"},{"taxonomy":"post_tag","embeddable":true,"href":"https:\/\/inclusioaltemporda.cat\/portal\/wp-json\/wp\/v2\/tags?post=1298"}],"curies":[{"name":"wp","href":"https:\/\/api.w.org\/{rel}","templated":true}]}}