{"id":1306,"date":"2013-03-05T12:04:09","date_gmt":"2013-03-05T11:04:09","guid":{"rendered":"https:\/\/inclusioaltemporda.cat\/portal\/?p=1306"},"modified":"2014-03-04T20:11:34","modified_gmt":"2014-03-04T19:11:34","slug":"coneix-les-entitats-associacio-de-malalts-dalzheimer-ama","status":"publish","type":"post","link":"https:\/\/inclusioaltemporda.cat\/portal\/coneix-les-entitats-associacio-de-malalts-dalzheimer-ama\/","title":{"rendered":"Coneix les entitats: Associaci\u00f3 de Malalts d&#8217;Alzheimer (AMA)"},"content":{"rendered":"<p><!--:CA-->L\u2019<a href=\"https:\/\/inclusioaltemporda.cat\/portal\/wp-content\/uploads\/fitxa-ama1.pdf\">Associaci\u00f3 de malalts d\u2019Alzheimer (AMA)<\/a> treballa per oferir atenci\u00f3 als familiars dels malalts d\u2019Alzheimer de Figueres i l&#8217;Alt Empord\u00e0 <\/p>\n<p>L&#8217;entitat gestiona diferents serveis i recursos orientats al suport cap a familiars i cuidadors de malalts d&#8217;Alzheimer, i d&#8217;atenci\u00f3 terap\u00e8utica directa, estimulaci\u00f3 cognitiva i psicomotricitat per a persones amb Alzheimer. <\/p>\n<p>L&#8217;AMA va n\u00e9ixer l&#8217;any 1995 per iniciativa d\u2019un grup de familiars d\u2019afectats per la malaltia. Des d\u2019aleshores s\u2019han organitzat xerrades i cursos formatius per a cuidadors i familiars, amb la col\u00b7laboraci\u00f3 de diferents entitats i d\u2019altres professionals del sector. <\/p>\n<p>L&#8217;any 2001 es va inaugurar el servei de Centre d\u2019Estimulaci\u00f3 Cognitiva des del que s&#8217;atenen els malalts afectats per aquest a dem\u00e8ncia oferint els programes d\u2019estimulaci\u00f3 cognitiva, els tallers ocupacions i altres serveis que s\u2019han anat assolint, com el de fisioterapeuta. El Projecte de Centre d\u2019Estimulaci\u00f3 Cognitiva \u00e9s un projecte din\u00e0mic que treballa per adaptar-se a les necessitats dels seus usuaris i socis i als canvis que venen donats per l\u2019evoluci\u00f3 de la malaltia, la pr\u00f2pia experi\u00e8ncia dels assistents als Grups de Suport, dels socis, la junta i l\u2019equip t\u00e8cnic del Centre. <\/p>\n<p><!--:--><\/p>\n","protected":false},"excerpt":{"rendered":"<p>L\u2019Associaci\u00f3 de malalts d\u2019Alzheimer (AMA) treballa per oferir atenci\u00f3 als familiars dels malalts d\u2019Alzheimer de Figueres i l&#8217;Alt Empord\u00e0 L&#8217;entitat gestiona diferents serveis i recursos orientats al suport cap a&hellip;<\/p>\n","protected":false},"author":2,"featured_media":1170,"comment_status":"open","ping_status":"open","sticky":false,"template":"","format":"standard","meta":{"footnotes":""},"categories":[1,11],"tags":[52,17,51],"class_list":["post-1306","post","type-post","status-publish","format-standard","has-post-thumbnail","hentry","category-general","category-taula-inclusio","tag-entitats-de-la-taula","tag-taula","tag-voluntariat","category-1","category-11","description-off"],"_links":{"self":[{"href":"https:\/\/inclusioaltemporda.cat\/portal\/wp-json\/wp\/v2\/posts\/1306","targetHints":{"allow":["GET"]}}],"collection":[{"href":"https:\/\/inclusioaltemporda.cat\/portal\/wp-json\/wp\/v2\/posts"}],"about":[{"href":"https:\/\/inclusioaltemporda.cat\/portal\/wp-json\/wp\/v2\/types\/post"}],"author":[{"embeddable":true,"href":"https:\/\/inclusioaltemporda.cat\/portal\/wp-json\/wp\/v2\/users\/2"}],"replies":[{"embeddable":true,"href":"https:\/\/inclusioaltemporda.cat\/portal\/wp-json\/wp\/v2\/comments?post=1306"}],"version-history":[{"count":4,"href":"https:\/\/inclusioaltemporda.cat\/portal\/wp-json\/wp\/v2\/posts\/1306\/revisions"}],"predecessor-version":[{"id":3447,"href":"https:\/\/inclusioaltemporda.cat\/portal\/wp-json\/wp\/v2\/posts\/1306\/revisions\/3447"}],"wp:featuredmedia":[{"embeddable":true,"href":"https:\/\/inclusioaltemporda.cat\/portal\/wp-json\/wp\/v2\/media\/1170"}],"wp:attachment":[{"href":"https:\/\/inclusioaltemporda.cat\/portal\/wp-json\/wp\/v2\/media?parent=1306"}],"wp:term":[{"taxonomy":"category","embeddable":true,"href":"https:\/\/inclusioaltemporda.cat\/portal\/wp-json\/wp\/v2\/categories?post=1306"},{"taxonomy":"post_tag","embeddable":true,"href":"https:\/\/inclusioaltemporda.cat\/portal\/wp-json\/wp\/v2\/tags?post=1306"}],"curies":[{"name":"wp","href":"https:\/\/api.w.org\/{rel}","templated":true}]}}