{"id":1313,"date":"2013-03-06T10:41:45","date_gmt":"2013-03-06T09:41:45","guid":{"rendered":"https:\/\/inclusioaltemporda.cat\/portal\/?p=1313"},"modified":"2014-03-04T20:11:25","modified_gmt":"2014-03-04T19:11:25","slug":"reunio-de-la-taula-per-a-la-inclusio-i-la-cohesio-social-de-lalt-emporda","status":"publish","type":"post","link":"https:\/\/inclusioaltemporda.cat\/portal\/reunio-de-la-taula-per-a-la-inclusio-i-la-cohesio-social-de-lalt-emporda\/","title":{"rendered":"La Taula per a la Inclusi\u00f3 i la Cohesi\u00f3 Social de l&#8217;Alt Empord\u00e0 treballa el Document de Bases del Pla d&#8217;Inclusi\u00f3"},"content":{"rendered":"<p><!--:CA-->Aquest mat\u00ed t\u00e9 lloc una nova reuni\u00f3 de la <a title=\"Taula per a la Inclusi\u00f3 i la Cohesi\u00f3 Social\" href=\"https:\/\/inclusioaltemporda.cat\/portal\/taula-per-a-la-inclusio\/\">Taula per a la Inclusi\u00f3 i la Cohesi\u00f3 Social de l&#8217;Alt Empord\u00e0<\/a> a la seu del consell comarcal.\u00a0 En la sessi\u00f3 d&#8217;avui les entitats socials de la Taula\u00a0 treballaran el Document de Bases per a la Inclusi\u00f3 i la Cohesi\u00f3 Social a la comarca. Aquest document, que estableix els principis rectors, els compromisos i els objectius estrat\u00e8gics compartits entre administracions i entitats, estableix les bases i l&#8217;acord per al desenvolupament del Pla d&#8217;Inclusi\u00f3.<!--:--><!--:en--><\/p>\n<p><!--:--><!--:fr--><\/p>\n<p><!--:--><!--:es--><\/p>\n<p><!--:--><\/p>\n","protected":false},"excerpt":{"rendered":"<p>Aquest mat\u00ed t\u00e9 lloc una nova reuni\u00f3 de la Taula per a la Inclusi\u00f3 i la Cohesi\u00f3 Social de l&#8217;Alt Empord\u00e0 a la seu del consell comarcal.\u00a0 En la sessi\u00f3&hellip;<\/p>\n","protected":false},"author":3,"featured_media":1314,"comment_status":"open","ping_status":"open","sticky":false,"template":"","format":"standard","meta":{"footnotes":""},"categories":[11],"tags":[55,24,17],"class_list":["post-1313","post","type-post","status-publish","format-standard","has-post-thumbnail","hentry","category-taula-inclusio","tag-document-de-bases-pla","tag-inclusio-social","tag-taula","category-11","description-off"],"_links":{"self":[{"href":"https:\/\/inclusioaltemporda.cat\/portal\/wp-json\/wp\/v2\/posts\/1313","targetHints":{"allow":["GET"]}}],"collection":[{"href":"https:\/\/inclusioaltemporda.cat\/portal\/wp-json\/wp\/v2\/posts"}],"about":[{"href":"https:\/\/inclusioaltemporda.cat\/portal\/wp-json\/wp\/v2\/types\/post"}],"author":[{"embeddable":true,"href":"https:\/\/inclusioaltemporda.cat\/portal\/wp-json\/wp\/v2\/users\/3"}],"replies":[{"embeddable":true,"href":"https:\/\/inclusioaltemporda.cat\/portal\/wp-json\/wp\/v2\/comments?post=1313"}],"version-history":[{"count":5,"href":"https:\/\/inclusioaltemporda.cat\/portal\/wp-json\/wp\/v2\/posts\/1313\/revisions"}],"predecessor-version":[{"id":3446,"href":"https:\/\/inclusioaltemporda.cat\/portal\/wp-json\/wp\/v2\/posts\/1313\/revisions\/3446"}],"wp:featuredmedia":[{"embeddable":true,"href":"https:\/\/inclusioaltemporda.cat\/portal\/wp-json\/wp\/v2\/media\/1314"}],"wp:attachment":[{"href":"https:\/\/inclusioaltemporda.cat\/portal\/wp-json\/wp\/v2\/media?parent=1313"}],"wp:term":[{"taxonomy":"category","embeddable":true,"href":"https:\/\/inclusioaltemporda.cat\/portal\/wp-json\/wp\/v2\/categories?post=1313"},{"taxonomy":"post_tag","embeddable":true,"href":"https:\/\/inclusioaltemporda.cat\/portal\/wp-json\/wp\/v2\/tags?post=1313"}],"curies":[{"name":"wp","href":"https:\/\/api.w.org\/{rel}","templated":true}]}}