{"id":1318,"date":"2013-03-07T09:57:54","date_gmt":"2013-03-07T08:57:54","guid":{"rendered":"https:\/\/inclusioaltemporda.cat\/portal\/?p=1318"},"modified":"2014-03-04T20:11:00","modified_gmt":"2014-03-04T19:11:00","slug":"larea-de-benestar-presenta-en-unes-jornades-europees-lexperiencia-en-latencio-de-les-persones-afectades-per-lincendi-de-lestiu-passat-a-lalt-emporda","status":"publish","type":"post","link":"https:\/\/inclusioaltemporda.cat\/portal\/larea-de-benestar-presenta-en-unes-jornades-europees-lexperiencia-en-latencio-de-les-persones-afectades-per-lincendi-de-lestiu-passat-a-lalt-emporda\/","title":{"rendered":"L&#8217;\u00e0rea de Benestar presenta en unes jornades europees l&#8217;experi\u00e8ncia en l&#8217;atenci\u00f3 de les persones afectades per l&#8217;incendi de l&#8217;estiu passat a l&#8217;Alt Empord\u00e0"},"content":{"rendered":"<p><!--:CA-->L&#8217;\u00e0rea de Benestar del Consell Comarcal participa en les primeres jornades europees d&#8217;actualitzaci\u00f3 en gesti\u00f3 de crisi i emerg\u00e8ncies que organitza la Facultat de Psicologia de la Universitat Aut\u00f2noma de Barcelona, la unitat de Trauma, Crisi i Conflictes de Barcelona (UTCCB-UAB) i el Col\u00b7legi de Psic\u00f2legs de Catalunya, que se celebren avui i dem\u00e0 a Barcelona.<\/p>\n<p>La coordinadora de serveis socials b\u00e0sics, Carme Ortega, i la psic\u00f2loga de l&#8217;\u00e0rea de Benestar, Gl\u00f2ria Pla, presenten l&#8217;experi\u00e8ncia pr\u00e0ctica del serveis socials de la comarca en l&#8217;atenci\u00f3 de les persones afectades per l&#8217;incendi de l&#8217;estiu passat a l&#8217;Alt Empord\u00e0,\u00a0 mitjan\u00e7ant un p\u00f2ster que podeu consultar en aquest<a title=\"enlla\u00e7\" href=\"https:\/\/inclusioaltemporda.cat\/portal\/wp-content\/uploads\/Poster-Experiencia-Incendis-Alt-Emporda.jpg\"> enlla\u00e7<\/a>.<\/p>\n<p>Aquestes jornades estan adre\u00e7ades tant a professionals i sectors assistencials relacionats amb la gesti\u00f3 d&#8217;incidents cr\u00edtics i atenci\u00f3 a les persones i organitzacions afectades, com a les empreses i organitzacions per prevenir situacions de crisi i optimitzar plans de resposta. Podeu consultar el programa en aquest <a title=\"link\" href=\"http:\/\/www.crisisinterventionbcn2013.net\/index.htm\">link<\/a>.<!--:--><!--:en--><\/p>\n<p><!--:--><!--:fr--><\/p>\n<p><!--:--><!--:es--><\/p>\n<p><!--:--><\/p>\n","protected":false},"excerpt":{"rendered":"<p>L&#8217;\u00e0rea de Benestar del Consell Comarcal participa en les primeres jornades europees d&#8217;actualitzaci\u00f3 en gesti\u00f3 de crisi i emerg\u00e8ncies que organitza la Facultat de Psicologia de la Universitat Aut\u00f2noma de&hellip;<\/p>\n","protected":false},"author":3,"featured_media":1336,"comment_status":"open","ping_status":"open","sticky":false,"template":"","format":"standard","meta":{"footnotes":""},"categories":[1],"tags":[34,27,56,24],"class_list":["post-1318","post","type-post","status-publish","format-standard","has-post-thumbnail","hentry","category-general","tag-aula-professionals","tag-benestar-ccae","tag-gestio-de-crisi-i-emergencies","tag-inclusio-social","category-1","description-off"],"_links":{"self":[{"href":"https:\/\/inclusioaltemporda.cat\/portal\/wp-json\/wp\/v2\/posts\/1318","targetHints":{"allow":["GET"]}}],"collection":[{"href":"https:\/\/inclusioaltemporda.cat\/portal\/wp-json\/wp\/v2\/posts"}],"about":[{"href":"https:\/\/inclusioaltemporda.cat\/portal\/wp-json\/wp\/v2\/types\/post"}],"author":[{"embeddable":true,"href":"https:\/\/inclusioaltemporda.cat\/portal\/wp-json\/wp\/v2\/users\/3"}],"replies":[{"embeddable":true,"href":"https:\/\/inclusioaltemporda.cat\/portal\/wp-json\/wp\/v2\/comments?post=1318"}],"version-history":[{"count":9,"href":"https:\/\/inclusioaltemporda.cat\/portal\/wp-json\/wp\/v2\/posts\/1318\/revisions"}],"predecessor-version":[{"id":3442,"href":"https:\/\/inclusioaltemporda.cat\/portal\/wp-json\/wp\/v2\/posts\/1318\/revisions\/3442"}],"wp:featuredmedia":[{"embeddable":true,"href":"https:\/\/inclusioaltemporda.cat\/portal\/wp-json\/wp\/v2\/media\/1336"}],"wp:attachment":[{"href":"https:\/\/inclusioaltemporda.cat\/portal\/wp-json\/wp\/v2\/media?parent=1318"}],"wp:term":[{"taxonomy":"category","embeddable":true,"href":"https:\/\/inclusioaltemporda.cat\/portal\/wp-json\/wp\/v2\/categories?post=1318"},{"taxonomy":"post_tag","embeddable":true,"href":"https:\/\/inclusioaltemporda.cat\/portal\/wp-json\/wp\/v2\/tags?post=1318"}],"curies":[{"name":"wp","href":"https:\/\/api.w.org\/{rel}","templated":true}]}}