{"id":1321,"date":"2013-03-07T09:00:12","date_gmt":"2013-03-07T08:00:12","guid":{"rendered":"https:\/\/inclusioaltemporda.cat\/portal\/?p=1321"},"modified":"2014-03-04T20:11:14","modified_gmt":"2014-03-04T19:11:14","slug":"nous-ajuts-de-la-diputacio-de-girona-i-lobra-social-de-la-caixa","status":"publish","type":"post","link":"https:\/\/inclusioaltemporda.cat\/portal\/nous-ajuts-de-la-diputacio-de-girona-i-lobra-social-de-la-caixa\/","title":{"rendered":"Nous ajuts per a entitats de la Diputaci\u00f3 de Girona i l&#8217;Obra Social de la Caixa"},"content":{"rendered":"<p><!--:CA--><\/p>\n<p style=\"text-align: left;\">La Diputaci\u00f3 de Girona ha obert la convocat\u00f2ria per a projectes d&#8217;acci\u00f3 social a les Comarques Gironines adre\u00e7ats a Ajuntaments i entitats sense \u00e0nim de lucre. El termini de sol\u00b7licitud finalitza el dia 15 de mar\u00e7 i la convocat\u00f2ria la podeu trobar en <a href=\"http:\/\/www.ddgi.cat\/recursos\/servei\/2013\/doc\/Bases__Aj_ONLs_2013.pdf\">aquest enlla\u00e7<\/a><br \/>\n<strong> &#8212;<\/strong><br \/>\nL&#8217;Obra Social de La Caixa ha fet p\u00fablica les bases del la convocat\u00f2ria 2013 per a projectes d\u2019acci\u00f3 social i de foment de la conviv\u00e8ncia ciutadana intercultural que garanteixen la igualtat d\u2019oportunitats per a totes les persones per promoure una societat present i futura m\u00e9s justa i cohesionada. Aquesta convocat\u00f2ria t\u00e9 com a finalitat donar suport a les organitzacions no lucratives que treballen al territori espanyol i que desenvolupen projectes socioeducatius i projectes de conviv\u00e8ncia intercultural adre\u00e7ats a donar resposta als reptes socials amb m\u00e9s<br \/>\nincid\u00e8ncia actualment. El termini de presentaci\u00f3 de sol\u00b7licituds estar\u00e0 obert entre els dies 18 d&#8217;abril i 8 de maig d&#8217;enguany. En <a href=\"http:\/\/obrasocial.lacaixa.es\/deployedfiles\/obrasocial\/Estaticos\/pdf\/Convocatorias\/Bases_Proyectos_accion_social_2013_ca.pdf\">aquest enlla\u00e7<\/a> hi podreu trobar la convocat\u00f2ria sencera.<\/p>\n<p>&nbsp;<!--:--><!--:en--><br \/>\n<!--:--><!--:fr--><br \/>\n<!--:--><!--:es--><br \/>\n<!--:--><\/p>\n","protected":false},"excerpt":{"rendered":"<p>La Diputaci\u00f3 de Girona ha obert la convocat\u00f2ria per a projectes d&#8217;acci\u00f3 social a les Comarques Gironines adre\u00e7ats a Ajuntaments i entitats sense \u00e0nim de lucre. El termini de sol\u00b7licitud&hellip;<\/p>\n","protected":false},"author":2,"featured_media":1160,"comment_status":"open","ping_status":"open","sticky":false,"template":"","format":"standard","meta":{"footnotes":""},"categories":[11],"tags":[34,27,41,52,17],"class_list":["post-1321","post","type-post","status-publish","format-standard","has-post-thumbnail","hentry","category-taula-inclusio","tag-aula-professionals","tag-benestar-ccae","tag-convocatories-dajuts","tag-entitats-de-la-taula","tag-taula","category-11","description-off"],"_links":{"self":[{"href":"https:\/\/inclusioaltemporda.cat\/portal\/wp-json\/wp\/v2\/posts\/1321","targetHints":{"allow":["GET"]}}],"collection":[{"href":"https:\/\/inclusioaltemporda.cat\/portal\/wp-json\/wp\/v2\/posts"}],"about":[{"href":"https:\/\/inclusioaltemporda.cat\/portal\/wp-json\/wp\/v2\/types\/post"}],"author":[{"embeddable":true,"href":"https:\/\/inclusioaltemporda.cat\/portal\/wp-json\/wp\/v2\/users\/2"}],"replies":[{"embeddable":true,"href":"https:\/\/inclusioaltemporda.cat\/portal\/wp-json\/wp\/v2\/comments?post=1321"}],"version-history":[{"count":6,"href":"https:\/\/inclusioaltemporda.cat\/portal\/wp-json\/wp\/v2\/posts\/1321\/revisions"}],"predecessor-version":[{"id":3444,"href":"https:\/\/inclusioaltemporda.cat\/portal\/wp-json\/wp\/v2\/posts\/1321\/revisions\/3444"}],"wp:featuredmedia":[{"embeddable":true,"href":"https:\/\/inclusioaltemporda.cat\/portal\/wp-json\/wp\/v2\/media\/1160"}],"wp:attachment":[{"href":"https:\/\/inclusioaltemporda.cat\/portal\/wp-json\/wp\/v2\/media?parent=1321"}],"wp:term":[{"taxonomy":"category","embeddable":true,"href":"https:\/\/inclusioaltemporda.cat\/portal\/wp-json\/wp\/v2\/categories?post=1321"},{"taxonomy":"post_tag","embeddable":true,"href":"https:\/\/inclusioaltemporda.cat\/portal\/wp-json\/wp\/v2\/tags?post=1321"}],"curies":[{"name":"wp","href":"https:\/\/api.w.org\/{rel}","templated":true}]}}