{"id":1347,"date":"2013-03-08T12:03:38","date_gmt":"2013-03-08T11:03:38","guid":{"rendered":"https:\/\/inclusioaltemporda.cat\/portal\/?p=1347"},"modified":"2014-03-04T20:10:44","modified_gmt":"2014-03-04T19:10:44","slug":"dia-internacional-de-les-dones","status":"publish","type":"post","link":"https:\/\/inclusioaltemporda.cat\/portal\/dia-internacional-de-les-dones\/","title":{"rendered":"Dia Internacional de les Dones"},"content":{"rendered":"<p><!--:CA-->Avui 8 de mar\u00e7 es commemora el Dia Internacional de les Dones. Diversos municipis de la comarca han organitzat actes per recordar no nom\u00e9s els fets hist\u00f2rics que van donar origen a aquesta celebraci\u00f3 -podeu accedir en aquest <a title=\"enlla\u00e7\" href=\"http:\/\/www20.gencat.cat\/portal\/site\/icdones\/menuitem.4b491b5fa301c8a439a72641b0c0e1a0\/?vgnextoid=c268792b0ba4f110VgnVCM1000008d0c1e0aRCRD&amp;vgnextchannel=c268792b0ba4f110VgnVCM1000008d0c1e0aRCRD&amp;vgnextfmt=default\">enlla\u00e7<\/a> a una breu refer\u00e8ncia- sin\u00f3 tamb\u00e9 per visibilitzar les desigualtats de g\u00e8nere que encara persisteixen en la nostra societat i la contribuci\u00f3 i el treball laboral i dom\u00e8stic de les dones en el dia a dia del pa\u00eds. En aquesta direcci\u00f3 el govern de la Generalitat ha aprovat una declaraci\u00f3 institucional a la qual podeu accedir des d&#8217;aquest <a title=\"link\" href=\"http:\/\/www20.gencat.cat\/portal\/site\/icdones\/menuitem.076d5dfdbecd6f8539a72641b0c0e1a0\/?vgnextoid=6f86fe7fef995310VgnVCM2000009b0c1e0aRCRD&amp;vgnextchannel=6f86fe7fef995310VgnVCM2000009b0c1e0aRCRD&amp;vgnextfmt=default\">link<\/a>.<\/p>\n<p>La igualtat d&#8217;oportunitats entre els homes i les dones de la comarca \u00e9s un dels principis rectors del Pla d&#8217;Inclusi\u00f3 i Cohesi\u00f3 Social de l&#8217;Alt Empord\u00e0. En el proc\u00e9s d&#8217;elaboraci\u00f3 del Pla,\u00a0 s&#8217;incorpora la perspectiva de g\u00e8nere per tal que aquesta s&#8217;integri en la definici\u00f3 dels objectius i accions del Pla i es garanteixi una major equitat i igualtat de g\u00e8nere a la comarca. En aquesta direcci\u00f3, el Consell Comarcal compta amb un Pla d&#8217;Igualtat 2013-2016 que estableix diverses l\u00ednies d&#8217;acci\u00f3 priorit\u00e0ries per promoure pol\u00edtiques d&#8217;igualtat a la comarca.<\/p>\n<p>En els enlla\u00e7os seg\u00fcents podeu accedir als diversos actes programats avui i dem\u00e0 en alguns municipis de\u00a0 la comarca per commemorar aquesta Diada.<\/p>\n<p><a title=\"Figueres\" href=\"http:\/\/www.figueres.cat\/cat\/agenda\/1943\/actes-commemoratiius-8-de-marc-dia-de-la-dona-treballadora.html\">Figueres<\/a><\/p>\n<p><a title=\"Castell\u00f3 d'Emp\u00faries\" href=\"http:\/\/www.castello.cat\/index.php?action=detalle&amp;modul=noticias&amp;id_noticia=2790&amp;template=interior_home\">Castell\u00f3 d&#8217;Emp\u00faries<\/a><\/p>\n<p><a title=\"L'Escala\" href=\"http:\/\/noticies.lescala-empuries.com\/\">L&#8217;Escala<\/a><\/p>\n<p><a title=\"Llan\u00e7\u00e0\" href=\"http:\/\/www.llanca.cat\/web\/?p=4683\">Llan\u00e7\u00e0<\/a><\/p>\n<p><a title=\"Roses\" href=\"http:\/\/www.roses.cat\/ca\/agenda\/agenda.aspx?IdEsdeveniment=3846&amp;IdProgramacio=3880&amp;Data=08\/03\/2013&amp;DataMinim=08\/03\/2013&amp;DataMaxim=08\/03\/2013&amp;Mes=3&amp;Any=2013\">Roses <\/a><!--:--><!--:en--><\/p>\n<p><!--:--><!--:fr--><\/p>\n<p><!--:--><!--:es--><\/p>\n<p><!--:--><\/p>\n","protected":false},"excerpt":{"rendered":"<p>Avui 8 de mar\u00e7 es commemora el Dia Internacional de les Dones. Diversos municipis de la comarca han organitzat actes per recordar no nom\u00e9s els fets hist\u00f2rics que van donar&hellip;<\/p>\n","protected":false},"author":3,"featured_media":1348,"comment_status":"open","ping_status":"open","sticky":false,"template":"","format":"standard","meta":{"footnotes":""},"categories":[1],"tags":[57,24,16],"class_list":["post-1347","post","type-post","status-publish","format-standard","has-post-thumbnail","hentry","category-general","tag-igualtat-doportunitats","tag-inclusio-social","tag-pla-inclusio","category-1","description-off"],"_links":{"self":[{"href":"https:\/\/inclusioaltemporda.cat\/portal\/wp-json\/wp\/v2\/posts\/1347","targetHints":{"allow":["GET"]}}],"collection":[{"href":"https:\/\/inclusioaltemporda.cat\/portal\/wp-json\/wp\/v2\/posts"}],"about":[{"href":"https:\/\/inclusioaltemporda.cat\/portal\/wp-json\/wp\/v2\/types\/post"}],"author":[{"embeddable":true,"href":"https:\/\/inclusioaltemporda.cat\/portal\/wp-json\/wp\/v2\/users\/3"}],"replies":[{"embeddable":true,"href":"https:\/\/inclusioaltemporda.cat\/portal\/wp-json\/wp\/v2\/comments?post=1347"}],"version-history":[{"count":7,"href":"https:\/\/inclusioaltemporda.cat\/portal\/wp-json\/wp\/v2\/posts\/1347\/revisions"}],"predecessor-version":[{"id":5123,"href":"https:\/\/inclusioaltemporda.cat\/portal\/wp-json\/wp\/v2\/posts\/1347\/revisions\/5123"}],"wp:featuredmedia":[{"embeddable":true,"href":"https:\/\/inclusioaltemporda.cat\/portal\/wp-json\/wp\/v2\/media\/1348"}],"wp:attachment":[{"href":"https:\/\/inclusioaltemporda.cat\/portal\/wp-json\/wp\/v2\/media?parent=1347"}],"wp:term":[{"taxonomy":"category","embeddable":true,"href":"https:\/\/inclusioaltemporda.cat\/portal\/wp-json\/wp\/v2\/categories?post=1347"},{"taxonomy":"post_tag","embeddable":true,"href":"https:\/\/inclusioaltemporda.cat\/portal\/wp-json\/wp\/v2\/tags?post=1347"}],"curies":[{"name":"wp","href":"https:\/\/api.w.org\/{rel}","templated":true}]}}