{"id":1356,"date":"2013-03-11T11:04:18","date_gmt":"2013-03-11T10:04:18","guid":{"rendered":"https:\/\/inclusioaltemporda.cat\/portal\/?p=1356"},"modified":"2014-03-04T20:10:37","modified_gmt":"2014-03-04T19:10:37","slug":"xerrada-col%c2%b7loqui-sobre-els-serveis-socials-municipals-de-roses","status":"publish","type":"post","link":"https:\/\/inclusioaltemporda.cat\/portal\/xerrada-col%c2%b7loqui-sobre-els-serveis-socials-municipals-de-roses\/","title":{"rendered":"Xerrada-col\u00b7loqui sobre els serveis socials municipals de Roses"},"content":{"rendered":"<p><!--:CA-->Avui a les 20h, el regidor de Benestar Social de l\u2019Ajuntament de Roses, Marc Dan\u00e9s, oferir\u00e0 al Teatre Municipal la xerrada col\u00b7loqui <a href=\"http:\/\/www.roses.cat\/ca\/noticies\/detallnoticia.aspx?IdNoticia=2115\" target=\"_blank\">\u201cResposta dels serveis socials de Roses a la crisi actual\u201d<\/a>. L\u2019acte ser\u00e0 obert a tothom que estigui interessat en con\u00e8ixer millor els serveis i recursos que el consistori destina actualment a prestacions socials, tant les associacions i entitats de caire social del municipi, com totes aquelles persones que estiguin interessades a con\u00e8ixer de m\u00e9s a prop quines s\u00f3n les tasques desenvolupades en aquest \u00e0mbit en el municipi.<\/p>\n<p>La confer\u00e8ncia comptar\u00e0 amb una primera part en que es presentaran el conjunt d&#8217;actuacions i l\u00ednies d&#8217;ajut que es pretesen des de l&#8217;Ajuntament, aix\u00ed com les principals dades dels serveis amb els que compta l&#8217;\u00e0rea. La xerrada tamb\u00e9 servir\u00e0 per a explicar els projectes que es preveuen impulsar properament des de l&#8217;\u00c0rea de Benestar Social de l&#8217;Ajuntament.<\/p>\n<p>L&#8217;acte finalitzar\u00e0 amb un torn obert de paraules per tal que el p\u00fablic assistent pugui formular les seves consultes i inquietuds respecte les q\u00fcestions exposades.<!--:--><!--:en--><br \/>\n<!--:--><!--:fr--><br \/>\n<!--:--><!--:es--><br \/>\n<!--:--><\/p>\n","protected":false},"excerpt":{"rendered":"<p>Avui a les 20h, el regidor de Benestar Social de l\u2019Ajuntament de Roses, Marc Dan\u00e9s, oferir\u00e0 al Teatre Municipal la xerrada col\u00b7loqui \u201cResposta dels serveis socials de Roses a la&hellip;<\/p>\n","protected":false},"author":2,"featured_media":1357,"comment_status":"open","ping_status":"open","sticky":false,"template":"","format":"standard","meta":{"footnotes":""},"categories":[1],"tags":[114,42,24],"class_list":["post-1356","post","type-post","status-publish","format-standard","has-post-thumbnail","hentry","category-general","tag-agenda","tag-ajuntament-roses","tag-inclusio-social","category-1","description-off"],"_links":{"self":[{"href":"https:\/\/inclusioaltemporda.cat\/portal\/wp-json\/wp\/v2\/posts\/1356","targetHints":{"allow":["GET"]}}],"collection":[{"href":"https:\/\/inclusioaltemporda.cat\/portal\/wp-json\/wp\/v2\/posts"}],"about":[{"href":"https:\/\/inclusioaltemporda.cat\/portal\/wp-json\/wp\/v2\/types\/post"}],"author":[{"embeddable":true,"href":"https:\/\/inclusioaltemporda.cat\/portal\/wp-json\/wp\/v2\/users\/2"}],"replies":[{"embeddable":true,"href":"https:\/\/inclusioaltemporda.cat\/portal\/wp-json\/wp\/v2\/comments?post=1356"}],"version-history":[{"count":5,"href":"https:\/\/inclusioaltemporda.cat\/portal\/wp-json\/wp\/v2\/posts\/1356\/revisions"}],"predecessor-version":[{"id":3440,"href":"https:\/\/inclusioaltemporda.cat\/portal\/wp-json\/wp\/v2\/posts\/1356\/revisions\/3440"}],"wp:featuredmedia":[{"embeddable":true,"href":"https:\/\/inclusioaltemporda.cat\/portal\/wp-json\/wp\/v2\/media\/1357"}],"wp:attachment":[{"href":"https:\/\/inclusioaltemporda.cat\/portal\/wp-json\/wp\/v2\/media?parent=1356"}],"wp:term":[{"taxonomy":"category","embeddable":true,"href":"https:\/\/inclusioaltemporda.cat\/portal\/wp-json\/wp\/v2\/categories?post=1356"},{"taxonomy":"post_tag","embeddable":true,"href":"https:\/\/inclusioaltemporda.cat\/portal\/wp-json\/wp\/v2\/tags?post=1356"}],"curies":[{"name":"wp","href":"https:\/\/api.w.org\/{rel}","templated":true}]}}