{"id":1361,"date":"2013-03-12T10:16:10","date_gmt":"2013-03-12T09:16:10","guid":{"rendered":"https:\/\/inclusioaltemporda.cat\/portal\/?p=1361"},"modified":"2014-03-04T20:10:29","modified_gmt":"2014-03-04T19:10:29","slug":"lhora-okupalt-posa-en-contacte-joves-i-empreses-de-la-comarca","status":"publish","type":"post","link":"https:\/\/inclusioaltemporda.cat\/portal\/lhora-okupalt-posa-en-contacte-joves-i-empreses-de-la-comarca\/","title":{"rendered":"L&#8217;hora Okup&#8217;Alt posa en contacte joves i empreses de la comarca"},"content":{"rendered":"<p><!--:CA-->Els i les joves que formen part del Projecte Okup&#8217;Alt 2013 participen avui en l&#8217;Hora Okup&#8217;Alt, espai de trobada entre els joves i els responsables d&#8217;empreses del territori.<\/p>\n<p>L&#8217;activitat permetr\u00e0 que empresaris amb negocis localitzats a l&#8217;Alt Empord\u00e0 concedeixin entrevistes de feina, en un escenari real, als participants del projecte. En total 35 joves es donaran a con\u00e8ixer i explicaran els seus curr\u00edculums per les diferents taules on hi haur\u00e0 les empreses<\/p>\n<p>Aquesta \u00e9s una proposta innovadora de promoci\u00f3 de l\u2019ocupaci\u00f3 juvenil que respon a l&#8217;objectiu d&#8217;apropar el joves a les empreses de la comarca per tal de facilitar la seva incorporaci\u00f3 al mercat laboral. El projecte Okup&#8217;Alt \u00e9s una iniciativa adre\u00e7ada a 42 joves de la comarca, que tenen entre 16 i 19 anys que ofereix formaci\u00f3 d\u2019oficis gratu\u00efta amb el suport dels ajuntaments i del teixit empresarial de la comarca.<!--:--><!--:en--><br \/>\n<!--:--><!--:fr--><br \/>\n<!--:--><!--:es--><br \/>\n<!--:--><\/p>\n","protected":false},"excerpt":{"rendered":"<p>Els i les joves que formen part del Projecte Okup&#8217;Alt 2013 participen avui en l&#8217;Hora Okup&#8217;Alt, espai de trobada entre els joves i els responsables d&#8217;empreses del territori. L&#8217;activitat permetr\u00e0&hellip;<\/p>\n","protected":false},"author":2,"featured_media":1363,"comment_status":"open","ping_status":"open","sticky":false,"template":"","format":"standard","meta":{"footnotes":""},"categories":[1],"tags":[24,54],"class_list":["post-1361","post","type-post","status-publish","format-standard","has-post-thumbnail","hentry","category-general","tag-inclusio-social","tag-okupalt-2013","category-1","description-off"],"_links":{"self":[{"href":"https:\/\/inclusioaltemporda.cat\/portal\/wp-json\/wp\/v2\/posts\/1361","targetHints":{"allow":["GET"]}}],"collection":[{"href":"https:\/\/inclusioaltemporda.cat\/portal\/wp-json\/wp\/v2\/posts"}],"about":[{"href":"https:\/\/inclusioaltemporda.cat\/portal\/wp-json\/wp\/v2\/types\/post"}],"author":[{"embeddable":true,"href":"https:\/\/inclusioaltemporda.cat\/portal\/wp-json\/wp\/v2\/users\/2"}],"replies":[{"embeddable":true,"href":"https:\/\/inclusioaltemporda.cat\/portal\/wp-json\/wp\/v2\/comments?post=1361"}],"version-history":[{"count":6,"href":"https:\/\/inclusioaltemporda.cat\/portal\/wp-json\/wp\/v2\/posts\/1361\/revisions"}],"predecessor-version":[{"id":3438,"href":"https:\/\/inclusioaltemporda.cat\/portal\/wp-json\/wp\/v2\/posts\/1361\/revisions\/3438"}],"wp:featuredmedia":[{"embeddable":true,"href":"https:\/\/inclusioaltemporda.cat\/portal\/wp-json\/wp\/v2\/media\/1363"}],"wp:attachment":[{"href":"https:\/\/inclusioaltemporda.cat\/portal\/wp-json\/wp\/v2\/media?parent=1361"}],"wp:term":[{"taxonomy":"category","embeddable":true,"href":"https:\/\/inclusioaltemporda.cat\/portal\/wp-json\/wp\/v2\/categories?post=1361"},{"taxonomy":"post_tag","embeddable":true,"href":"https:\/\/inclusioaltemporda.cat\/portal\/wp-json\/wp\/v2\/tags?post=1361"}],"curies":[{"name":"wp","href":"https:\/\/api.w.org\/{rel}","templated":true}]}}