{"id":1367,"date":"2013-03-12T10:49:57","date_gmt":"2013-03-12T09:49:57","guid":{"rendered":"https:\/\/inclusioaltemporda.cat\/portal\/?p=1367"},"modified":"2014-03-04T20:10:21","modified_gmt":"2014-03-04T19:10:21","slug":"commemoracio-del-dia-mundial-del-treball-social","status":"publish","type":"post","link":"https:\/\/inclusioaltemporda.cat\/portal\/commemoracio-del-dia-mundial-del-treball-social\/","title":{"rendered":"Commemoraci\u00f3 del Dia Mundial del Treball Social"},"content":{"rendered":"<p><!--:CA-->El proper 19 de mar\u00e7 es commemora el dia mundial del Treball Social, una jornada que t\u00e9 com a finalitat donar a con\u00e8ixer la tasca que fan els professionals d&#8217;aquest \u00e0mbit per millorar les condicions de vida de les persones i col\u00b7lectius m\u00e9s vulnerables. El <a title=\"Col\u00b7legi Oficial de Treball Social de Catalunya\" href=\"http:\/\/www.tscat.cat\/index.php?option=com_content&amp;view=article&amp;id=926%3Adia-mundial-del-treball-social-&amp;catid=3%3Aactivitat&amp;Itemid=278&amp;lang=ca\">Col\u00b7legi Oficial de Treball Social de Catalunya<\/a> ha programat diverses activitats per celebrar aquesta jornada que s&#8217;iniciaran avui, 12 de mar\u00e7 ,amb el lliurament de la Medalla d&#8217;Or 2013 a Pilar Massana i Llorens, en un acte que se celebrar\u00e0 aquest capvespre a Barcelona.<\/p>\n<p>El Col\u00b7legi Oficial de Treball Social de Catalunya edita cada any la <a title=\"Revista de Treball Social\" href=\"http:\/\/www.tscat.cat\/index.php?option=com_content&amp;view=article&amp;id=68&amp;Itemid=168&amp;lang=ca\">Revista de Treball Social<\/a>. Us adjuntem aquest link on podeu consultar les darreres edicions en qu\u00e8 diversos professionals donen a con\u00e8ixer actuacions i experi\u00e8ncies en el seu camp d&#8217;activitat. Us recomanem el darrer n\u00famero dedicat a les desigualtats de g\u00e8nere.<!--:--><!--:en--><\/p>\n<p><!--:--><!--:fr--><\/p>\n<p><!--:--><!--:es--><\/p>\n<p><!--:--><\/p>\n","protected":false},"excerpt":{"rendered":"<p>El proper 19 de mar\u00e7 es commemora el dia mundial del Treball Social, una jornada que t\u00e9 com a finalitat donar a con\u00e8ixer la tasca que fan els professionals d&#8217;aquest&hellip;<\/p>\n","protected":false},"author":3,"featured_media":1371,"comment_status":"open","ping_status":"open","sticky":false,"template":"","format":"standard","meta":{"footnotes":""},"categories":[1],"tags":[34,24],"class_list":["post-1367","post","type-post","status-publish","format-standard","has-post-thumbnail","hentry","category-general","tag-aula-professionals","tag-inclusio-social","category-1","description-off"],"_links":{"self":[{"href":"https:\/\/inclusioaltemporda.cat\/portal\/wp-json\/wp\/v2\/posts\/1367","targetHints":{"allow":["GET"]}}],"collection":[{"href":"https:\/\/inclusioaltemporda.cat\/portal\/wp-json\/wp\/v2\/posts"}],"about":[{"href":"https:\/\/inclusioaltemporda.cat\/portal\/wp-json\/wp\/v2\/types\/post"}],"author":[{"embeddable":true,"href":"https:\/\/inclusioaltemporda.cat\/portal\/wp-json\/wp\/v2\/users\/3"}],"replies":[{"embeddable":true,"href":"https:\/\/inclusioaltemporda.cat\/portal\/wp-json\/wp\/v2\/comments?post=1367"}],"version-history":[{"count":5,"href":"https:\/\/inclusioaltemporda.cat\/portal\/wp-json\/wp\/v2\/posts\/1367\/revisions"}],"predecessor-version":[{"id":3436,"href":"https:\/\/inclusioaltemporda.cat\/portal\/wp-json\/wp\/v2\/posts\/1367\/revisions\/3436"}],"wp:featuredmedia":[{"embeddable":true,"href":"https:\/\/inclusioaltemporda.cat\/portal\/wp-json\/wp\/v2\/media\/1371"}],"wp:attachment":[{"href":"https:\/\/inclusioaltemporda.cat\/portal\/wp-json\/wp\/v2\/media?parent=1367"}],"wp:term":[{"taxonomy":"category","embeddable":true,"href":"https:\/\/inclusioaltemporda.cat\/portal\/wp-json\/wp\/v2\/categories?post=1367"},{"taxonomy":"post_tag","embeddable":true,"href":"https:\/\/inclusioaltemporda.cat\/portal\/wp-json\/wp\/v2\/tags?post=1367"}],"curies":[{"name":"wp","href":"https:\/\/api.w.org\/{rel}","templated":true}]}}