{"id":1373,"date":"2013-03-13T10:06:57","date_gmt":"2013-03-13T09:06:57","guid":{"rendered":"https:\/\/inclusioaltemporda.cat\/portal\/?p=1373"},"modified":"2014-03-04T20:10:13","modified_gmt":"2014-03-04T19:10:13","slug":"espai-de-formacio-per-a-families","status":"publish","type":"post","link":"https:\/\/inclusioaltemporda.cat\/portal\/espai-de-formacio-per-a-families\/","title":{"rendered":"Espai de Formaci\u00f3 per a Fam\u00edlies"},"content":{"rendered":"<p><!--:CA-->Aquesta setmana comencen les activitats de l&#8217;Espai de Formaci\u00f3 per a fam\u00edlies que ha posat en marxa l&#8217;\u00e0rea de Benestar del Consell Comarcal de l&#8217;Alt Empord\u00e0.<\/p>\n<p>Aquest Espai de Formaci\u00f3 per a Fam\u00edlies \u00e9s una iniciativa innovadora dirigida a pares, mares i persones acollidores que oferir\u00e0 suport, informaci\u00f3 i reflexi\u00f3 sobre l&#8217;exercici del rol parental.\u00a0 La proposta neix de la reflexi\u00f3 dels equips de treball de l&#8217;\u00e0rea de Benestar per donar resposta a les necessitats familiars que emergeixen en una societat canviant i complexa on conviuen nous models, estructures i relacions familiars. Els destinataris d&#8217;aquest recurs s\u00f3n els pares, les mares i familiars acollidors amb fills menors d&#8217;edat, derivats dels Serveis Socials i de l&#8217;Equip d&#8217;Atenci\u00f3 a la Inf\u00e0ncia i l&#8217;Adolesc\u00e8ncia de la comarca.<\/p>\n<p>L&#8217;Espai de Formaci\u00f3 per a Fam\u00edlies, en tant que espai grupal, s&#8217;ha fixat com a objectiu general acompanyar i potenciar de manera efica\u00e7 i exitosa les habilitats parentals, per optimitzar les seves compet\u00e8ncies i afrontar amb \u00e8xit les tasques quotidianes i les responsabilitats de cura i educaci\u00f3 dels fills i filles.\u00a0 Aquest Espai de Formaci\u00f3 per a Fam\u00edlies ofereix sessions de treball setmanals des d&#8217;avui 13 de mar\u00e7 fins al 12 de juny de 2013, en les quals es treballaran diversos continguts amb una metodologia i materials novedosos expressament elaborats per a aquestes activitats.<!--:--><!--:en--><\/p>\n<p><!--:--><!--:fr--><\/p>\n<p><!--:--><!--:es--><\/p>\n<p><!--:--><\/p>\n","protected":false},"excerpt":{"rendered":"<p>Aquesta setmana comencen les activitats de l&#8217;Espai de Formaci\u00f3 per a fam\u00edlies que ha posat en marxa l&#8217;\u00e0rea de Benestar del Consell Comarcal de l&#8217;Alt Empord\u00e0. Aquest Espai de Formaci\u00f3&hellip;<\/p>\n","protected":false},"author":3,"featured_media":1374,"comment_status":"open","ping_status":"open","sticky":false,"template":"","format":"standard","meta":{"footnotes":""},"categories":[1],"tags":[34,58,24,59],"class_list":["post-1373","post","type-post","status-publish","format-standard","has-post-thumbnail","hentry","category-general","tag-aula-professionals","tag-espai-de-formacio-per-a-families","tag-inclusio-social","tag-innovacio","category-1","description-off"],"_links":{"self":[{"href":"https:\/\/inclusioaltemporda.cat\/portal\/wp-json\/wp\/v2\/posts\/1373","targetHints":{"allow":["GET"]}}],"collection":[{"href":"https:\/\/inclusioaltemporda.cat\/portal\/wp-json\/wp\/v2\/posts"}],"about":[{"href":"https:\/\/inclusioaltemporda.cat\/portal\/wp-json\/wp\/v2\/types\/post"}],"author":[{"embeddable":true,"href":"https:\/\/inclusioaltemporda.cat\/portal\/wp-json\/wp\/v2\/users\/3"}],"replies":[{"embeddable":true,"href":"https:\/\/inclusioaltemporda.cat\/portal\/wp-json\/wp\/v2\/comments?post=1373"}],"version-history":[{"count":5,"href":"https:\/\/inclusioaltemporda.cat\/portal\/wp-json\/wp\/v2\/posts\/1373\/revisions"}],"predecessor-version":[{"id":3434,"href":"https:\/\/inclusioaltemporda.cat\/portal\/wp-json\/wp\/v2\/posts\/1373\/revisions\/3434"}],"wp:featuredmedia":[{"embeddable":true,"href":"https:\/\/inclusioaltemporda.cat\/portal\/wp-json\/wp\/v2\/media\/1374"}],"wp:attachment":[{"href":"https:\/\/inclusioaltemporda.cat\/portal\/wp-json\/wp\/v2\/media?parent=1373"}],"wp:term":[{"taxonomy":"category","embeddable":true,"href":"https:\/\/inclusioaltemporda.cat\/portal\/wp-json\/wp\/v2\/categories?post=1373"},{"taxonomy":"post_tag","embeddable":true,"href":"https:\/\/inclusioaltemporda.cat\/portal\/wp-json\/wp\/v2\/tags?post=1373"}],"curies":[{"name":"wp","href":"https:\/\/api.w.org\/{rel}","templated":true}]}}