{"id":1380,"date":"2013-03-14T13:09:55","date_gmt":"2013-03-14T12:09:55","guid":{"rendered":"https:\/\/inclusioaltemporda.cat\/portal\/?p=1380"},"modified":"2014-03-04T20:10:07","modified_gmt":"2014-03-04T19:10:07","slug":"coneix-les-entitats-ksameu-fundacio-privada-sant-vicenc-de-paul","status":"publish","type":"post","link":"https:\/\/inclusioaltemporda.cat\/portal\/coneix-les-entitats-ksameu-fundacio-privada-sant-vicenc-de-paul\/","title":{"rendered":"Coneix les entitats: Ksameu (Fundaci\u00f3 privada Sant Vicen\u00e7 de Pa\u00fcl)"},"content":{"rendered":"<p><!--:CA--><a href=\"https:\/\/inclusioaltemporda.cat\/portal\/wp-content\/uploads\/fitxa-ksameu1.pdf\">KSAMEU<\/a> \u00e9s un projecte socioeducatiu engegat per la Fundaci\u00f3 privada Sant Vicen\u00e7 de Pa\u00fcl l&#8217;any 2007, a partir de la reflexi\u00f3 sobre la necessitat de millorar l&#8217;oferta de recursos l\u00fadics i educatius per adolescents i joves a la ciutat de Figueres.<\/p>\n<p>El projecte socioeducatiu Ksameu t\u00e9 com a objectius prioritaris acollir i acompanyar adolescents i joves en el seu propi itinerari personal, posant esfor\u00e7 de manera especial en l&#8217;educaci\u00f3 en la responsabilitat, a trav\u00e9s de d&#8217;una metodologia de contracte fonamentada en els drets i deures.<\/p>\n<p>Ksameu \u00e9s un recurs que funciona de dilluns a divendres fora de l&#8217;horari escolar. Aquest t\u00e9 segmentats els grups d&#8217;atenci\u00f3 en funci\u00f3 de l&#8217;edat dels adolescents i joves participants. Els curs 2011-2012 van participar-hi una quarantena de joves, que van comptar amb el suport de dos educadors\/es i 12 persones volunt\u00e0ries.<\/p>\n<p>L&#8217;any 2011 Ksameu va rebre el premi de la Fundaci\u00f3 Carulla en reconeixement a la tasca educativa que desenvolupa i per la seva contribuci\u00f3 a la cohesi\u00f3 social a Figueres.<br \/>\n<!--:--><\/p>\n","protected":false},"excerpt":{"rendered":"<p>KSAMEU \u00e9s un projecte socioeducatiu engegat per la Fundaci\u00f3 privada Sant Vicen\u00e7 de Pa\u00fcl l&#8217;any 2007, a partir de la reflexi\u00f3 sobre la necessitat de millorar l&#8217;oferta de recursos l\u00fadics&hellip;<\/p>\n","protected":false},"author":2,"featured_media":1381,"comment_status":"open","ping_status":"open","sticky":false,"template":"","format":"standard","meta":{"footnotes":""},"categories":[1,11],"tags":[52,24,17],"class_list":["post-1380","post","type-post","status-publish","format-standard","has-post-thumbnail","hentry","category-general","category-taula-inclusio","tag-entitats-de-la-taula","tag-inclusio-social","tag-taula","category-1","category-11","description-off"],"_links":{"self":[{"href":"https:\/\/inclusioaltemporda.cat\/portal\/wp-json\/wp\/v2\/posts\/1380","targetHints":{"allow":["GET"]}}],"collection":[{"href":"https:\/\/inclusioaltemporda.cat\/portal\/wp-json\/wp\/v2\/posts"}],"about":[{"href":"https:\/\/inclusioaltemporda.cat\/portal\/wp-json\/wp\/v2\/types\/post"}],"author":[{"embeddable":true,"href":"https:\/\/inclusioaltemporda.cat\/portal\/wp-json\/wp\/v2\/users\/2"}],"replies":[{"embeddable":true,"href":"https:\/\/inclusioaltemporda.cat\/portal\/wp-json\/wp\/v2\/comments?post=1380"}],"version-history":[{"count":3,"href":"https:\/\/inclusioaltemporda.cat\/portal\/wp-json\/wp\/v2\/posts\/1380\/revisions"}],"predecessor-version":[{"id":3432,"href":"https:\/\/inclusioaltemporda.cat\/portal\/wp-json\/wp\/v2\/posts\/1380\/revisions\/3432"}],"wp:featuredmedia":[{"embeddable":true,"href":"https:\/\/inclusioaltemporda.cat\/portal\/wp-json\/wp\/v2\/media\/1381"}],"wp:attachment":[{"href":"https:\/\/inclusioaltemporda.cat\/portal\/wp-json\/wp\/v2\/media?parent=1380"}],"wp:term":[{"taxonomy":"category","embeddable":true,"href":"https:\/\/inclusioaltemporda.cat\/portal\/wp-json\/wp\/v2\/categories?post=1380"},{"taxonomy":"post_tag","embeddable":true,"href":"https:\/\/inclusioaltemporda.cat\/portal\/wp-json\/wp\/v2\/tags?post=1380"}],"curies":[{"name":"wp","href":"https:\/\/api.w.org\/{rel}","templated":true}]}}