{"id":1385,"date":"2013-03-15T10:37:39","date_gmt":"2013-03-15T09:37:39","guid":{"rendered":"https:\/\/inclusioaltemporda.cat\/portal\/?p=1385"},"modified":"2014-03-04T20:09:57","modified_gmt":"2014-03-04T19:09:57","slug":"jornada-sobre-envelliment-salut-i-societat-al-2030","status":"publish","type":"post","link":"https:\/\/inclusioaltemporda.cat\/portal\/jornada-sobre-envelliment-salut-i-societat-al-2030\/","title":{"rendered":"Jornada sobre Envelliment, Salut i Societat al 2030"},"content":{"rendered":"<p><!--:CA-->La <a title=\"Fundaci\u00f3 Agrupaci\u00f3 M\u00fatua\" href=\"http:\/\/www.fundacioagrupacio.es\/CA\/inicio.shtml\">Fundaci\u00f3 Agrupaci\u00f3 M\u00fatua<\/a> i la <a title=\"Fundaci\u00f3 Pere Tarr\u00e9s\" href=\"http:\/\/www.peretarres.org\/wps\/wcm\/connect\/peretarres_ca\/peretarres\/home\">Fundaci\u00f3 Pere Tarr\u00e9s<\/a> organitzen la Jornada &#8220;Envelliment, Salut i Societat al 2030&#8221; per debatre des de diferents perspectives els models familiars, de jubilaci\u00f3, de salut, d&#8217;autonomia i depend\u00e8ncia i els recursos necessaris per a un envelliment actiu de la poblaci\u00f3 m\u00e9s gran.<\/p>\n<p>Aquesta jornada se celebrar\u00e0 el proper 21 de mar\u00e7 al Caixaforum de Barcelona. Si teniu inter\u00e8s a participar-hi, podeu consultar el programa i horari en aquest <a title=\"enlla\u00e7\" href=\"http:\/\/www.peretarres.org\/wps\/wcm\/connect\/peretarres_ca\/peretarres\/home\/informacio_corporativa\/comunicacio\/agenda\/agenda\/agenda\/jornadaagrupaciomutua13\">enlla\u00e7<\/a>.<\/p>\n<p>L&#8217;envelliment actiu \u00e9s una de les prioritats de l&#8217;\u00e0rea de Benestar del Consell Comarcal.\u00a0 Enguany professionals de l&#8217;equip participen en programa-pilot \u201cM\u00e9s Grans\u201d, que s\u2019emmarca en les activitats de l\u2019Any Europeu de l\u2019Envelliment Actiu i de la solidaritat intergeneracional, i que t\u00e9 com a finalitat afavorir l\u2019intercanvi i la solidaritat entre generacions (hi participen persones de m\u00e9s de 55 anys, pares i\/o mares i infants), tot promovent experi\u00e8ncies de suport familiar a la comarca que generin un valor social afegit. Podeu consultar les activitats d&#8217;aquest programa-pilot en aquest <a title=\"enlla\u00e7\" href=\"https:\/\/inclusioaltemporda.cat\/portal\/tag\/projecte-mes-grans\/\">enlla\u00e7<\/a>.<!--:--><!--:en--><br \/>\n<!--:--><!--:fr--><br \/>\n<!--:--><!--:es--><br \/>\n<!--:--><\/p>\n","protected":false},"excerpt":{"rendered":"<p>La Fundaci\u00f3 Agrupaci\u00f3 M\u00fatua i la Fundaci\u00f3 Pere Tarr\u00e9s organitzen la Jornada &#8220;Envelliment, Salut i Societat al 2030&#8221; per debatre des de diferents perspectives els models familiars, de jubilaci\u00f3, de&hellip;<\/p>\n","protected":false},"author":3,"featured_media":1386,"comment_status":"open","ping_status":"open","sticky":false,"template":"","format":"standard","meta":{"footnotes":""},"categories":[1],"tags":[37,38,24],"class_list":["post-1385","post","type-post","status-publish","format-standard","has-post-thumbnail","hentry","category-general","tag-envelliment-actiu","tag-gent-gran","tag-inclusio-social","category-1","description-off"],"_links":{"self":[{"href":"https:\/\/inclusioaltemporda.cat\/portal\/wp-json\/wp\/v2\/posts\/1385","targetHints":{"allow":["GET"]}}],"collection":[{"href":"https:\/\/inclusioaltemporda.cat\/portal\/wp-json\/wp\/v2\/posts"}],"about":[{"href":"https:\/\/inclusioaltemporda.cat\/portal\/wp-json\/wp\/v2\/types\/post"}],"author":[{"embeddable":true,"href":"https:\/\/inclusioaltemporda.cat\/portal\/wp-json\/wp\/v2\/users\/3"}],"replies":[{"embeddable":true,"href":"https:\/\/inclusioaltemporda.cat\/portal\/wp-json\/wp\/v2\/comments?post=1385"}],"version-history":[{"count":4,"href":"https:\/\/inclusioaltemporda.cat\/portal\/wp-json\/wp\/v2\/posts\/1385\/revisions"}],"predecessor-version":[{"id":3431,"href":"https:\/\/inclusioaltemporda.cat\/portal\/wp-json\/wp\/v2\/posts\/1385\/revisions\/3431"}],"wp:featuredmedia":[{"embeddable":true,"href":"https:\/\/inclusioaltemporda.cat\/portal\/wp-json\/wp\/v2\/media\/1386"}],"wp:attachment":[{"href":"https:\/\/inclusioaltemporda.cat\/portal\/wp-json\/wp\/v2\/media?parent=1385"}],"wp:term":[{"taxonomy":"category","embeddable":true,"href":"https:\/\/inclusioaltemporda.cat\/portal\/wp-json\/wp\/v2\/categories?post=1385"},{"taxonomy":"post_tag","embeddable":true,"href":"https:\/\/inclusioaltemporda.cat\/portal\/wp-json\/wp\/v2\/tags?post=1385"}],"curies":[{"name":"wp","href":"https:\/\/api.w.org\/{rel}","templated":true}]}}