{"id":1389,"date":"2013-03-18T11:23:55","date_gmt":"2013-03-18T10:23:55","guid":{"rendered":"https:\/\/inclusioaltemporda.cat\/portal\/?p=1389"},"modified":"2014-03-04T20:09:51","modified_gmt":"2014-03-04T19:09:51","slug":"sessio-de-treball-de-la-unesco-sobre-com-mesurar-i-avaluar-les-politiques-dinclusio-social","status":"publish","type":"post","link":"https:\/\/inclusioaltemporda.cat\/portal\/sessio-de-treball-de-la-unesco-sobre-com-mesurar-i-avaluar-les-politiques-dinclusio-social\/","title":{"rendered":"Sessi\u00f3 de treball de la UNESCO sobre com mesurar i avaluar les pol\u00edtiques d&#8217;inclusi\u00f3 social"},"content":{"rendered":"<p><!--:CA--><\/p>\n<div>\n<p>Els propers dies 25 i 26 de mar\u00e7, la UNESCO mitjan\u00e7ant el seu programa de Gesti\u00f3 de les Transformacions Socials (Management of Social Transformations programme -MOST),\u00a0 organitza una sessi\u00f3 de treball per estudiar les metodologies i processos existents per mesurar la inclusi\u00f3 social i avaluar les pol\u00edtiques p\u00fabliques.<\/p>\n<p>La inclusi\u00f3 social \u00e9s una de les prioritats del consell d&#8217;estats membres de la UNESCO per a l&#8217;any 2013 que t\u00e9 com a finalitat fer treballar plegats els experts i agents clau que participen en la implementaci\u00f3, mesura i avaluaci\u00f3 de les pol\u00edtiques d&#8217;inclusi\u00f3 social,\u00a0 per tal d&#8217;avan\u00e7ar en la connexi\u00f3 entre la recerca i les pol\u00edtiques p\u00fabliques d&#8217;inclusi\u00f3 social. En aquesta trobada participaran cient\u00edfics socials, representants d&#8217;organismes p\u00fablics avaluadors, representants d&#8217;ag\u00e8ncies governamentals i entitats i associacions de l&#8217;economia social.<\/p>\n<p>La sessi\u00f3 de treball que tindr\u00e0 lloc a la seu d&#8217;UNESCO de Par\u00eds est\u00e0 dividida en 3 parts: la primera centrada en la mesura de la inclusi\u00f3 social,\u00a0 la segona en el seguiment\/avaluaci\u00f3 de les pol\u00edtiques p\u00fabliques d&#8217;inclusi\u00f3 i la tercera en la\u00a0 relaci\u00f3 estreta entre ci\u00e8ncia \/recerca i pol\u00edtiques p\u00fabliques.<\/p>\n<p>El <a title=\"programa intergovernamental MOST de la UNESCO\" href=\"http:\/\/www.unesco.org\/new\/en\/social-and-human-sciences\/themes\/most-programme\/\">programa intergovernamental MOST de la UNESCO<\/a> es va establir l&#8217;any 1994 i t\u00e9 com a finalitat promoure l&#8217;\u00fas de les ci\u00e8ncies socials en benefici del desenvolupament social i sostenible, encoratjant la recerca envers la formulaci\u00f3 de pol\u00edtiques p\u00fabliques que permetin respondre als reptes contemporanis. La finalitat del programa \u00e9s fer m\u00e9s estreta la relaci\u00f3 entre recercadors, representants de la societat civil i decisors p\u00fablics.<\/p>\n<p>Si teniu inter\u00e8s a con\u00e8ixer els treball del programa MOST i l&#8217;agenda d&#8217;aquesta sessi\u00f3 podeu accedir a m\u00e9s informaci\u00f3 mitjan\u00e7ant aquest <a title=\"enlla\u00e7\" href=\"http:\/\/www.unesco.org\/new\/en\/unesco\/events\/social-and-human-sciences-events\/?tx_browser_pi1[showUid]=12195&amp;cHash=df818ba7f5\">enlla\u00e7<\/a>.<\/p>\n<\/div>\n<p><!--:--><!--:en--><\/p>\n<p><!--:--><!--:fr--><\/p>\n<p><!--:--><!--:es--><\/p>\n<p><!--:--><\/p>\n","protected":false},"excerpt":{"rendered":"<p>Els propers dies 25 i 26 de mar\u00e7, la UNESCO mitjan\u00e7ant el seu programa de Gesti\u00f3 de les Transformacions Socials (Management of Social Transformations programme -MOST),\u00a0 organitza una sessi\u00f3 de&hellip;<\/p>\n","protected":false},"author":3,"featured_media":1400,"comment_status":"open","ping_status":"open","sticky":false,"template":"","format":"standard","meta":{"footnotes":""},"categories":[1],"tags":[34,24,60],"class_list":["post-1389","post","type-post","status-publish","format-standard","has-post-thumbnail","hentry","category-general","tag-aula-professionals","tag-inclusio-social","tag-unesco","category-1","description-off"],"_links":{"self":[{"href":"https:\/\/inclusioaltemporda.cat\/portal\/wp-json\/wp\/v2\/posts\/1389","targetHints":{"allow":["GET"]}}],"collection":[{"href":"https:\/\/inclusioaltemporda.cat\/portal\/wp-json\/wp\/v2\/posts"}],"about":[{"href":"https:\/\/inclusioaltemporda.cat\/portal\/wp-json\/wp\/v2\/types\/post"}],"author":[{"embeddable":true,"href":"https:\/\/inclusioaltemporda.cat\/portal\/wp-json\/wp\/v2\/users\/3"}],"replies":[{"embeddable":true,"href":"https:\/\/inclusioaltemporda.cat\/portal\/wp-json\/wp\/v2\/comments?post=1389"}],"version-history":[{"count":10,"href":"https:\/\/inclusioaltemporda.cat\/portal\/wp-json\/wp\/v2\/posts\/1389\/revisions"}],"predecessor-version":[{"id":3429,"href":"https:\/\/inclusioaltemporda.cat\/portal\/wp-json\/wp\/v2\/posts\/1389\/revisions\/3429"}],"wp:featuredmedia":[{"embeddable":true,"href":"https:\/\/inclusioaltemporda.cat\/portal\/wp-json\/wp\/v2\/media\/1400"}],"wp:attachment":[{"href":"https:\/\/inclusioaltemporda.cat\/portal\/wp-json\/wp\/v2\/media?parent=1389"}],"wp:term":[{"taxonomy":"category","embeddable":true,"href":"https:\/\/inclusioaltemporda.cat\/portal\/wp-json\/wp\/v2\/categories?post=1389"},{"taxonomy":"post_tag","embeddable":true,"href":"https:\/\/inclusioaltemporda.cat\/portal\/wp-json\/wp\/v2\/tags?post=1389"}],"curies":[{"name":"wp","href":"https:\/\/api.w.org\/{rel}","templated":true}]}}