{"id":1411,"date":"2013-03-20T10:00:22","date_gmt":"2013-03-20T09:00:22","guid":{"rendered":"https:\/\/inclusioaltemporda.cat\/portal\/?p=1411"},"modified":"2014-03-04T20:09:31","modified_gmt":"2014-03-04T19:09:31","slug":"sessio-de-treball-taula-de-seguiment-i-prevencio-mutilacio-genital-femenina-de-larea-basica-de-salut-de-roses","status":"publish","type":"post","link":"https:\/\/inclusioaltemporda.cat\/portal\/sessio-de-treball-taula-de-seguiment-i-prevencio-mutilacio-genital-femenina-de-larea-basica-de-salut-de-roses\/","title":{"rendered":"Sessi\u00f3 de treball Taula de Seguiment i Prevenci\u00f3 Mutilaci\u00f3 Genital Femenina de l&#8217;\u00e0rea b\u00e0sica de Salut de Roses"},"content":{"rendered":"<p><!--:CA-->El 7 de mar\u00e7 passat va tenir lloc una sessi\u00f3 de treball de la Taula de seguiment i prevenci\u00f3 de la Mutilaci\u00f3 Genital Femenina de l&#8217;\u00c0rea B\u00e0sica de Salut de Roses. Aquest espai de trobada t\u00e9 com a finalitat posar en contacte els professionals que treballen amb la poblaci\u00f3 en risc per tal de coordinar mesures preventives.<\/p>\n<p>Aquesta sessi\u00f3 va comen\u00e7ar fent un balan\u00e7 de les actuacions dutes a terme durant l&#8217;any 2012 i es va presentar la nova fitxa de recollida de dades consensuada amb la resta de Taules locals de prevenci\u00f3 de la mutilaci\u00f3 genital femenina de les comarques gironines. Aquest document de treball permet recollir i posar en com\u00fa la informaci\u00f3 sobre possibles casos on es detecta que hi pot haver nenes en situaci\u00f3 de risc.<\/p>\n<p>Com a espai de coordinaci\u00f3 entre els diferents professionals, hi participen representants de l&#8217;\u00c0rea de Pediatria del CAP, els Serveis Socials, els Mossos d&#8217;Esquadra i els representants dels centres educatius de Roses i Castell\u00f3 d&#8217;Emp\u00faries. La Taula es coordina des del Pla Territorial de Ciutadania i Immigraci\u00f3 del Consell Comarcal de l&#8217;Alt Empord\u00e0.<!--:--><!--:en--><br \/>\n<!--:--><!--:fr--><br \/>\n<!--:--><!--:es--><br \/>\n<!--:--><\/p>\n","protected":false},"excerpt":{"rendered":"<p>El 7 de mar\u00e7 passat va tenir lloc una sessi\u00f3 de treball de la Taula de seguiment i prevenci\u00f3 de la Mutilaci\u00f3 Genital Femenina de l&#8217;\u00c0rea B\u00e0sica de Salut de&hellip;<\/p>\n","protected":false},"author":3,"featured_media":1412,"comment_status":"open","ping_status":"open","sticky":false,"template":"","format":"standard","meta":{"footnotes":""},"categories":[1],"tags":[24,62,61],"class_list":["post-1411","post","type-post","status-publish","format-standard","has-post-thumbnail","hentry","category-general","tag-inclusio-social","tag-pla-ciutadania-i-immigracio","tag-taula-mutilacio-genital-femenina","category-1","description-off"],"_links":{"self":[{"href":"https:\/\/inclusioaltemporda.cat\/portal\/wp-json\/wp\/v2\/posts\/1411","targetHints":{"allow":["GET"]}}],"collection":[{"href":"https:\/\/inclusioaltemporda.cat\/portal\/wp-json\/wp\/v2\/posts"}],"about":[{"href":"https:\/\/inclusioaltemporda.cat\/portal\/wp-json\/wp\/v2\/types\/post"}],"author":[{"embeddable":true,"href":"https:\/\/inclusioaltemporda.cat\/portal\/wp-json\/wp\/v2\/users\/3"}],"replies":[{"embeddable":true,"href":"https:\/\/inclusioaltemporda.cat\/portal\/wp-json\/wp\/v2\/comments?post=1411"}],"version-history":[{"count":4,"href":"https:\/\/inclusioaltemporda.cat\/portal\/wp-json\/wp\/v2\/posts\/1411\/revisions"}],"predecessor-version":[{"id":3426,"href":"https:\/\/inclusioaltemporda.cat\/portal\/wp-json\/wp\/v2\/posts\/1411\/revisions\/3426"}],"wp:featuredmedia":[{"embeddable":true,"href":"https:\/\/inclusioaltemporda.cat\/portal\/wp-json\/wp\/v2\/media\/1412"}],"wp:attachment":[{"href":"https:\/\/inclusioaltemporda.cat\/portal\/wp-json\/wp\/v2\/media?parent=1411"}],"wp:term":[{"taxonomy":"category","embeddable":true,"href":"https:\/\/inclusioaltemporda.cat\/portal\/wp-json\/wp\/v2\/categories?post=1411"},{"taxonomy":"post_tag","embeddable":true,"href":"https:\/\/inclusioaltemporda.cat\/portal\/wp-json\/wp\/v2\/tags?post=1411"}],"curies":[{"name":"wp","href":"https:\/\/api.w.org\/{rel}","templated":true}]}}