{"id":1415,"date":"2013-03-21T09:12:54","date_gmt":"2013-03-21T08:12:54","guid":{"rendered":"https:\/\/inclusioaltemporda.cat\/portal\/?p=1415"},"modified":"2014-03-04T20:09:22","modified_gmt":"2014-03-04T19:09:22","slug":"coneix-les-entitats-associacio-catalana-de-recursos-assistencials-acra","status":"publish","type":"post","link":"https:\/\/inclusioaltemporda.cat\/portal\/coneix-les-entitats-associacio-catalana-de-recursos-assistencials-acra\/","title":{"rendered":"Coneix les entitats: Associaci\u00f3 Catalana de recursos assistencials (ACRA)"},"content":{"rendered":"<p><!--:CA-->L&#8217;<a href=\"https:\/\/inclusioaltemporda.cat\/portal\/wp-content\/uploads\/fitxa-acra.pdf\">Associaci\u00f3 Catalana de Recursos Assistencials (ACRA)<\/a> \u00e9s una associaci\u00f3 sense \u00e0nim de lucre, fundada l&#8217;any 1989, que agrupa entitats de recursos assistencials (teleassist\u00e8ncia domicili\u00e0ria, atenci\u00f3 domicili\u00e0ria, centres de dia, llars residencials, resid\u00e8ncies assistides, pisos tutelats i centres sociosanitaris) per a gent gran a tot Catalunya. ACRA est\u00e0 conformada per 440 empreses\/entitats associades, que gestionen 929 serveis, 7 dels quals s\u00f3n centres residencials assistits a la comarca de l\u2019Alt Empord\u00e0.<\/p>\n<p>ACRA, que t\u00e9 per missi\u00f3 la promoci\u00f3 del benestar de la gent gran, de la seva qualitat assistencial i qualitat de vida, mitjan\u00e7ant la defensa dels interessos de les empreses i entitats associades, i dels seus clients, en col\u00b7laboraci\u00f3 amb les administracions, disposa a la comarca d&#8217;unes 400 places residencials, i els seus centres compten amb una plantilla de 280 professionals en total.<\/p>\n<p>A l&#8217;Alt Empord\u00e0 ACRA treballa amb col\u00b7lectius diversos: infants, adolescents, adults, gent gran, persones amb discapacitat f\u00edsica i ps\u00edquica, en diferents \u00e0mbits com l\u2019educaci\u00f3\/formaci\u00f3, el lleure i l\u2019\u00e0mbit social.<br \/>\n<!--:--><!--:en--><br \/>\n<!--:--><!--:fr--><br \/>\n<!--:--><!--:es--><br \/>\n<!--:--><\/p>\n","protected":false},"excerpt":{"rendered":"<p>L&#8217;Associaci\u00f3 Catalana de Recursos Assistencials (ACRA) \u00e9s una associaci\u00f3 sense \u00e0nim de lucre, fundada l&#8217;any 1989, que agrupa entitats de recursos assistencials (teleassist\u00e8ncia domicili\u00e0ria, atenci\u00f3 domicili\u00e0ria, centres de dia, llars&hellip;<\/p>\n","protected":false},"author":2,"featured_media":1418,"comment_status":"open","ping_status":"open","sticky":false,"template":"","format":"standard","meta":{"footnotes":""},"categories":[1,11],"tags":[52,24,17],"class_list":["post-1415","post","type-post","status-publish","format-standard","has-post-thumbnail","hentry","category-general","category-taula-inclusio","tag-entitats-de-la-taula","tag-inclusio-social","tag-taula","category-1","category-11","description-off"],"_links":{"self":[{"href":"https:\/\/inclusioaltemporda.cat\/portal\/wp-json\/wp\/v2\/posts\/1415","targetHints":{"allow":["GET"]}}],"collection":[{"href":"https:\/\/inclusioaltemporda.cat\/portal\/wp-json\/wp\/v2\/posts"}],"about":[{"href":"https:\/\/inclusioaltemporda.cat\/portal\/wp-json\/wp\/v2\/types\/post"}],"author":[{"embeddable":true,"href":"https:\/\/inclusioaltemporda.cat\/portal\/wp-json\/wp\/v2\/users\/2"}],"replies":[{"embeddable":true,"href":"https:\/\/inclusioaltemporda.cat\/portal\/wp-json\/wp\/v2\/comments?post=1415"}],"version-history":[{"count":6,"href":"https:\/\/inclusioaltemporda.cat\/portal\/wp-json\/wp\/v2\/posts\/1415\/revisions"}],"predecessor-version":[{"id":3424,"href":"https:\/\/inclusioaltemporda.cat\/portal\/wp-json\/wp\/v2\/posts\/1415\/revisions\/3424"}],"wp:featuredmedia":[{"embeddable":true,"href":"https:\/\/inclusioaltemporda.cat\/portal\/wp-json\/wp\/v2\/media\/1418"}],"wp:attachment":[{"href":"https:\/\/inclusioaltemporda.cat\/portal\/wp-json\/wp\/v2\/media?parent=1415"}],"wp:term":[{"taxonomy":"category","embeddable":true,"href":"https:\/\/inclusioaltemporda.cat\/portal\/wp-json\/wp\/v2\/categories?post=1415"},{"taxonomy":"post_tag","embeddable":true,"href":"https:\/\/inclusioaltemporda.cat\/portal\/wp-json\/wp\/v2\/tags?post=1415"}],"curies":[{"name":"wp","href":"https:\/\/api.w.org\/{rel}","templated":true}]}}