{"id":1421,"date":"2013-03-22T10:38:57","date_gmt":"2013-03-22T09:38:57","guid":{"rendered":"https:\/\/inclusioaltemporda.cat\/portal\/?p=1421"},"modified":"2014-03-04T20:14:54","modified_gmt":"2014-03-04T19:14:54","slug":"nova-sessio-de-treball-del-comite-executiu-del-pla-dinclusio","status":"publish","type":"post","link":"https:\/\/inclusioaltemporda.cat\/portal\/nova-sessio-de-treball-del-comite-executiu-del-pla-dinclusio\/","title":{"rendered":"Nova sessi\u00f3 de treball del Comit\u00e8 Executiu del Pla d&#8217;Inclusi\u00f3"},"content":{"rendered":"<p><!--:CA-->Avui t\u00e9 lloc una nova sessi\u00f3 de treball del<a title=\"Comit\u00e8 Executiu\" href=\"https:\/\/inclusioaltemporda.cat\/portal\/pla-dinclusio\/proces-de-treball\/\"> Comit\u00e8 Executiu<\/a> del Pla d&#8217;Inclusi\u00f3 i Cohesi\u00f3 Social de l&#8217;Alt Empord\u00e0. En aquesta sessi\u00f3 es treballaran els principis vertebradors i els objectius estrat\u00e8gics del document de Bases del Pla, amb les \u00e0rees del Consell Comarcal i els ajuntaments de Roses, Castell\u00f3 d&#8217;Emp\u00faries, L&#8217;Escala i La Jonquera. La previsi\u00f3 \u00e9s aprovar aquest document de Bases per\u00a0 tal que el mes d&#8217;abril pugui ser\u00a0 visat pel Comit\u00e8 Directiu.<\/p>\n<p>El document de Bases del Pla d&#8217;Inclusi\u00f3 i Cohesi\u00f3 Social estableix els principis rectors i els compromisos que les administracions i les entitats socials adquireixen per concretar les accions que contindr\u00e0 el Pla.<!--:--><!--:en--><\/p>\n<p><!--:--><!--:fr--><\/p>\n<p><!--:--><!--:es--><\/p>\n<p><!--:--><\/p>\n","protected":false},"excerpt":{"rendered":"<p>Avui t\u00e9 lloc una nova sessi\u00f3 de treball del Comit\u00e8 Executiu del Pla d&#8217;Inclusi\u00f3 i Cohesi\u00f3 Social de l&#8217;Alt Empord\u00e0. En aquesta sessi\u00f3 es treballaran els principis vertebradors i els&hellip;<\/p>\n","protected":false},"author":3,"featured_media":1422,"comment_status":"open","ping_status":"open","sticky":false,"template":"","format":"standard","meta":{"footnotes":""},"categories":[1,12],"tags":[24,16],"class_list":["post-1421","post","type-post","status-publish","format-standard","has-post-thumbnail","hentry","category-general","category-pla-dinclusio-2","tag-inclusio-social","tag-pla-inclusio","category-1","category-12","description-off"],"_links":{"self":[{"href":"https:\/\/inclusioaltemporda.cat\/portal\/wp-json\/wp\/v2\/posts\/1421","targetHints":{"allow":["GET"]}}],"collection":[{"href":"https:\/\/inclusioaltemporda.cat\/portal\/wp-json\/wp\/v2\/posts"}],"about":[{"href":"https:\/\/inclusioaltemporda.cat\/portal\/wp-json\/wp\/v2\/types\/post"}],"author":[{"embeddable":true,"href":"https:\/\/inclusioaltemporda.cat\/portal\/wp-json\/wp\/v2\/users\/3"}],"replies":[{"embeddable":true,"href":"https:\/\/inclusioaltemporda.cat\/portal\/wp-json\/wp\/v2\/comments?post=1421"}],"version-history":[{"count":5,"href":"https:\/\/inclusioaltemporda.cat\/portal\/wp-json\/wp\/v2\/posts\/1421\/revisions"}],"predecessor-version":[{"id":3485,"href":"https:\/\/inclusioaltemporda.cat\/portal\/wp-json\/wp\/v2\/posts\/1421\/revisions\/3485"}],"wp:featuredmedia":[{"embeddable":true,"href":"https:\/\/inclusioaltemporda.cat\/portal\/wp-json\/wp\/v2\/media\/1422"}],"wp:attachment":[{"href":"https:\/\/inclusioaltemporda.cat\/portal\/wp-json\/wp\/v2\/media?parent=1421"}],"wp:term":[{"taxonomy":"category","embeddable":true,"href":"https:\/\/inclusioaltemporda.cat\/portal\/wp-json\/wp\/v2\/categories?post=1421"},{"taxonomy":"post_tag","embeddable":true,"href":"https:\/\/inclusioaltemporda.cat\/portal\/wp-json\/wp\/v2\/tags?post=1421"}],"curies":[{"name":"wp","href":"https:\/\/api.w.org\/{rel}","templated":true}]}}