{"id":1428,"date":"2013-03-25T12:15:41","date_gmt":"2013-03-25T11:15:41","guid":{"rendered":"https:\/\/inclusioaltemporda.cat\/portal\/?p=1428"},"modified":"2014-03-04T20:14:46","modified_gmt":"2014-03-04T19:14:46","slug":"eina-per-a-la-valoracio-de-situacions-de-risc-en-infants-i-adolescents","status":"publish","type":"post","link":"https:\/\/inclusioaltemporda.cat\/portal\/eina-per-a-la-valoracio-de-situacions-de-risc-en-infants-i-adolescents\/","title":{"rendered":"Eina per a la valoraci\u00f3 de situacions de risc en infants i adolescents"},"content":{"rendered":"<p><!--:CA-->Recentment ha sigut aprovat un nou instrument de valoraci\u00f3 de la gravetat de les situacions de risc amb la infants i adolescents al Pa\u00eds Basc. <a href=\"http:\/\/www.gizartelan.ejgv.euskadi.net\/r45-contss\/es\/contenidos\/informacion\/balora\/es_doc\/balora.html\" target=\"_blank\">Balora<\/a>, a part de definir el procediment d&#8217;intervenci\u00f3 dels professionals de l&#8217;\u00e0mbit en situacions de risc i desemparament amb menors al Pa\u00eds Basc, tamb\u00e9 ofereix una exhaustiva definici\u00f3 i categoritzaci\u00f3 dels principals conceptes relacionats amb la desprotecci\u00f3 i el risc amb menors d&#8217;edat, aix\u00ed com una proposta de criteris per a la valoraci\u00f3 d&#8217;aquest. Especialment aquest darrer apartat pot ser d&#8217;utilitat per als professionals que treballen en l&#8217;\u00e0mbit de serveis socials.<\/p>\n<p>Aquest instrument va ser aprovat el mes de novembre passat pel Govern Basc, i \u00e9s \u00fanicament d&#8217;aplicaci\u00f3 en aquest territori.<!--:--><!--:en--><br \/>\n<!--:--><!--:fr--><br \/>\n<!--:--><!--:es--><br \/>\n<!--:--><\/p>\n","protected":false},"excerpt":{"rendered":"<p>Recentment ha sigut aprovat un nou instrument de valoraci\u00f3 de la gravetat de les situacions de risc amb la infants i adolescents al Pa\u00eds Basc. Balora, a part de definir&hellip;<\/p>\n","protected":false},"author":2,"featured_media":1429,"comment_status":"open","ping_status":"open","sticky":false,"template":"","format":"standard","meta":{"footnotes":""},"categories":[1],"tags":[34,27,24],"class_list":["post-1428","post","type-post","status-publish","format-standard","has-post-thumbnail","hentry","category-general","tag-aula-professionals","tag-benestar-ccae","tag-inclusio-social","category-1","description-off"],"_links":{"self":[{"href":"https:\/\/inclusioaltemporda.cat\/portal\/wp-json\/wp\/v2\/posts\/1428","targetHints":{"allow":["GET"]}}],"collection":[{"href":"https:\/\/inclusioaltemporda.cat\/portal\/wp-json\/wp\/v2\/posts"}],"about":[{"href":"https:\/\/inclusioaltemporda.cat\/portal\/wp-json\/wp\/v2\/types\/post"}],"author":[{"embeddable":true,"href":"https:\/\/inclusioaltemporda.cat\/portal\/wp-json\/wp\/v2\/users\/2"}],"replies":[{"embeddable":true,"href":"https:\/\/inclusioaltemporda.cat\/portal\/wp-json\/wp\/v2\/comments?post=1428"}],"version-history":[{"count":7,"href":"https:\/\/inclusioaltemporda.cat\/portal\/wp-json\/wp\/v2\/posts\/1428\/revisions"}],"predecessor-version":[{"id":3483,"href":"https:\/\/inclusioaltemporda.cat\/portal\/wp-json\/wp\/v2\/posts\/1428\/revisions\/3483"}],"wp:featuredmedia":[{"embeddable":true,"href":"https:\/\/inclusioaltemporda.cat\/portal\/wp-json\/wp\/v2\/media\/1429"}],"wp:attachment":[{"href":"https:\/\/inclusioaltemporda.cat\/portal\/wp-json\/wp\/v2\/media?parent=1428"}],"wp:term":[{"taxonomy":"category","embeddable":true,"href":"https:\/\/inclusioaltemporda.cat\/portal\/wp-json\/wp\/v2\/categories?post=1428"},{"taxonomy":"post_tag","embeddable":true,"href":"https:\/\/inclusioaltemporda.cat\/portal\/wp-json\/wp\/v2\/tags?post=1428"}],"curies":[{"name":"wp","href":"https:\/\/api.w.org\/{rel}","templated":true}]}}