{"id":1435,"date":"2013-03-26T09:40:50","date_gmt":"2013-03-26T08:40:50","guid":{"rendered":"https:\/\/inclusioaltemporda.cat\/portal\/?p=1435"},"modified":"2014-03-04T20:14:37","modified_gmt":"2014-03-04T19:14:37","slug":"10a-assemblea-general-ordinaria-del-consell-consultiu-de-la-gent-gran","status":"publish","type":"post","link":"https:\/\/inclusioaltemporda.cat\/portal\/10a-assemblea-general-ordinaria-del-consell-consultiu-de-la-gent-gran\/","title":{"rendered":"10a Assemblea General Ordinaria del Consell Consultiu de la Gent Gran"},"content":{"rendered":"<p><!--:CA-->El dia 9 d&#8217;abril el Consell Consultiu de la Gent Gran de l&#8217;Alt Empord\u00e0 celebrar\u00e0 la seva 10a Assemblea General Ordin\u00e0ria (AGO). La convocat\u00f2ria est\u00e0 prevista a les 11h del mat\u00ed a la Sala de Plens del Consell Comarcal. <\/p>\n<p>L&#8217;ordre del dia de l&#8217;AGO, que podeu trobar <a href=\"https:\/\/inclusioaltemporda.cat\/portal\/wp-content\/uploads\/Ordre-del-dia.pdf\">en aquest enlla\u00e7<\/a>, preveu, en primer lloc, la presentaci\u00f3 de la mem\u00f2ria d&#8217;activitats dutes a terme per aquest organisme l&#8217;any 2012. Entre aquestes cal destacar principalment, la participaci\u00f3 peri\u00f2dica al Consell de la Gen Gran de Catalunya i al Consell territorial de la Gent Gran de la Demarcaci\u00f3 de Girona, que agrupa els diferents Consells Consultius del territori. Durant l&#8217;any 2012 tamb\u00e9 es va col\u00b7laborar en l&#8217;organitzaci\u00f3 de la Jornada &#8220;Per un futur m\u00e9s clar&#8221;, celebrada a Girona, i que es va centrar en l&#8217;envelliment actiu. L&#8217;any passat el Consell Consultiu tamb\u00e9 va organitzar el 9\u00e8 Concurs de prosa i poesia i la 6a Trobada de Casals i Associacions de gent gran de la comarca. <\/p>\n<p>L&#8217;AGO tamb\u00e9 servir\u00e0 per renovar la Comissi\u00f3 Permanent del Consell Consultiu, ja que bona part dels seus membres enguany deixen el c\u00e0rrec. Finalment, l&#8217;Assemblea tamb\u00e9 definir\u00e0 les principals l\u00ednies de treball per al present any, entre les quals cal destacar l&#8217;obertura d&#8217;un proc\u00e9s de reflexi\u00f3 entorn el futur dels Casals de la Gent Gran i el propi Consell Consultiu, que es dur\u00e0 a terme amb el conjunt d&#8217;entitats de gent gran de la comarca, aix\u00ed com amb altres agents que treballen en aquest \u00e0mbit. <\/p>\n<p>El Consell Consultiu de la Gent Gran de l\u2019Alt Empord\u00e0 \u00e9s un organisme creat l\u2019any 2003 pel Consell Comarcal, que t\u00e9 entre els seus objectius la millora de la coordinaci\u00f3 entre Casals i Associacions de la Gent Gran de la comarca, i la interlocuci\u00f3 entre aquestes i el Consell Comarcal en totes aquelles q\u00fcestions que afectin al desenvolupament de la vida de les persones grans del territori.<!--:--><!--:en--><br \/>\n<!--:--><!--:fr--><br \/>\n<!--:--><!--:es--><br \/>\n<!--:--><\/p>\n","protected":false},"excerpt":{"rendered":"<p>El dia 9 d&#8217;abril el Consell Consultiu de la Gent Gran de l&#8217;Alt Empord\u00e0 celebrar\u00e0 la seva 10a Assemblea General Ordin\u00e0ria (AGO). La convocat\u00f2ria est\u00e0 prevista a les 11h del&hellip;<\/p>\n","protected":false},"author":2,"featured_media":1314,"comment_status":"open","ping_status":"open","sticky":false,"template":"","format":"standard","meta":{"footnotes":""},"categories":[1],"tags":[27,47,52,38,24,31],"class_list":["post-1435","post","type-post","status-publish","format-standard","has-post-thumbnail","hentry","category-general","tag-benestar-ccae","tag-consell-consultiu","tag-entitats-de-la-taula","tag-gent-gran","tag-inclusio-social","tag-projecte-mes-grans","category-1","description-off"],"_links":{"self":[{"href":"https:\/\/inclusioaltemporda.cat\/portal\/wp-json\/wp\/v2\/posts\/1435","targetHints":{"allow":["GET"]}}],"collection":[{"href":"https:\/\/inclusioaltemporda.cat\/portal\/wp-json\/wp\/v2\/posts"}],"about":[{"href":"https:\/\/inclusioaltemporda.cat\/portal\/wp-json\/wp\/v2\/types\/post"}],"author":[{"embeddable":true,"href":"https:\/\/inclusioaltemporda.cat\/portal\/wp-json\/wp\/v2\/users\/2"}],"replies":[{"embeddable":true,"href":"https:\/\/inclusioaltemporda.cat\/portal\/wp-json\/wp\/v2\/comments?post=1435"}],"version-history":[{"count":10,"href":"https:\/\/inclusioaltemporda.cat\/portal\/wp-json\/wp\/v2\/posts\/1435\/revisions"}],"predecessor-version":[{"id":3481,"href":"https:\/\/inclusioaltemporda.cat\/portal\/wp-json\/wp\/v2\/posts\/1435\/revisions\/3481"}],"wp:featuredmedia":[{"embeddable":true,"href":"https:\/\/inclusioaltemporda.cat\/portal\/wp-json\/wp\/v2\/media\/1314"}],"wp:attachment":[{"href":"https:\/\/inclusioaltemporda.cat\/portal\/wp-json\/wp\/v2\/media?parent=1435"}],"wp:term":[{"taxonomy":"category","embeddable":true,"href":"https:\/\/inclusioaltemporda.cat\/portal\/wp-json\/wp\/v2\/categories?post=1435"},{"taxonomy":"post_tag","embeddable":true,"href":"https:\/\/inclusioaltemporda.cat\/portal\/wp-json\/wp\/v2\/tags?post=1435"}],"curies":[{"name":"wp","href":"https:\/\/api.w.org\/{rel}","templated":true}]}}