{"id":1446,"date":"2013-04-02T09:30:35","date_gmt":"2013-04-02T08:30:35","guid":{"rendered":"https:\/\/inclusioaltemporda.cat\/portal\/?p=1446"},"modified":"2014-03-04T20:14:14","modified_gmt":"2014-03-04T19:14:14","slug":"el-director-general-per-a-la-immigracio-visita-els-projectes-del-consell-comarcal-a-sant-pere-pescador-i-la-jonquera","status":"publish","type":"post","link":"https:\/\/inclusioaltemporda.cat\/portal\/el-director-general-per-a-la-immigracio-visita-els-projectes-del-consell-comarcal-a-sant-pere-pescador-i-la-jonquera\/","title":{"rendered":"El director general per a la Immigraci\u00f3 visita els projectes del Consell Comarcal a Sant Pere Pescador i La Jonquera"},"content":{"rendered":"<p><!--:CA-->Dem\u00e0 dimecres, 3 d&#8217;abril, el director general per a la Immigraci\u00f3 de la Generalitat de Catalunya,\u00a0 Xavier Bosch, visitar\u00e0 els municipis de Sant Pere Pescador i La Jonquera. En el decurs d&#8217;aquestes visites es preveuen reunions de treball amb els representants pol\u00edtics dels Ajuntaments, del Consell Comarcal de l&#8217;Alt Empord\u00e0 i de l&#8217;equip t\u00e8cnic del Pla Territorial de Ciutadania i Immigraci\u00f3.<\/p>\n<p>En el marc de la visita a Sant Pere Pescador, Xavier Bosch assistir\u00e0 a la cloenda del curs d&#8217;alfabetitzaci\u00f3 en catal\u00e0 &#8220;Lletres per Tothom&#8221; promogut per la Direcci\u00f3 General per a la Immigraci\u00f3 i l&#8217;Associaci\u00f3 de Dones Africanes de Sant Pere Pescador. A m\u00e9s de participar en el lliurament de diplomes, la visita permetr\u00e0 donar a con\u00e8ixer els projectes d&#8217;autonomia per a dones de diferents or\u00edgens que el Pla Territorial de Ciutadania i Immigraci\u00f3 del Consell Comarcal organitza conjuntament amb els serveis socials del municipi.<\/p>\n<p>En la visita a La Jonquera, despr\u00e9s de la reuni\u00f3 que tindr\u00e0 lloc al Centre Cultural de l&#8217;Albera &#8220;Can Laporta&#8221;, Bosch visitar\u00e0 l&#8217;IES La Jonquera per tal de con\u00e8ixer de primera m\u00e0 el Projecte d&#8217;Integraci\u00f3 educativa i social per a noies adolescents d&#8217;origen marroqu\u00ed que el Pla Territorial de Ciutadania i Immigraci\u00f3 i l&#8217;Institut han a terme al centre. Les noies participants en el projecte i l&#8217;equip directiu del centre explicaran el projecte per tal de compartir l&#8217;experi\u00e8ncia i intercanviar punts de vista.<!--:--><!--:en--><\/p>\n<p><!--:--><!--:fr--><\/p>\n<p><!--:--><!--:es--><\/p>\n<p><!--:--><\/p>\n","protected":false},"excerpt":{"rendered":"<p>Dem\u00e0 dimecres, 3 d&#8217;abril, el director general per a la Immigraci\u00f3 de la Generalitat de Catalunya,\u00a0 Xavier Bosch, visitar\u00e0 els municipis de Sant Pere Pescador i La Jonquera. En el&hellip;<\/p>\n","protected":false},"author":3,"featured_media":1447,"comment_status":"open","ping_status":"open","sticky":false,"template":"","format":"standard","meta":{"footnotes":""},"categories":[1],"tags":[24,62],"class_list":["post-1446","post","type-post","status-publish","format-standard","has-post-thumbnail","hentry","category-general","tag-inclusio-social","tag-pla-ciutadania-i-immigracio","category-1","description-off"],"_links":{"self":[{"href":"https:\/\/inclusioaltemporda.cat\/portal\/wp-json\/wp\/v2\/posts\/1446","targetHints":{"allow":["GET"]}}],"collection":[{"href":"https:\/\/inclusioaltemporda.cat\/portal\/wp-json\/wp\/v2\/posts"}],"about":[{"href":"https:\/\/inclusioaltemporda.cat\/portal\/wp-json\/wp\/v2\/types\/post"}],"author":[{"embeddable":true,"href":"https:\/\/inclusioaltemporda.cat\/portal\/wp-json\/wp\/v2\/users\/3"}],"replies":[{"embeddable":true,"href":"https:\/\/inclusioaltemporda.cat\/portal\/wp-json\/wp\/v2\/comments?post=1446"}],"version-history":[{"count":7,"href":"https:\/\/inclusioaltemporda.cat\/portal\/wp-json\/wp\/v2\/posts\/1446\/revisions"}],"predecessor-version":[{"id":3476,"href":"https:\/\/inclusioaltemporda.cat\/portal\/wp-json\/wp\/v2\/posts\/1446\/revisions\/3476"}],"wp:featuredmedia":[{"embeddable":true,"href":"https:\/\/inclusioaltemporda.cat\/portal\/wp-json\/wp\/v2\/media\/1447"}],"wp:attachment":[{"href":"https:\/\/inclusioaltemporda.cat\/portal\/wp-json\/wp\/v2\/media?parent=1446"}],"wp:term":[{"taxonomy":"category","embeddable":true,"href":"https:\/\/inclusioaltemporda.cat\/portal\/wp-json\/wp\/v2\/categories?post=1446"},{"taxonomy":"post_tag","embeddable":true,"href":"https:\/\/inclusioaltemporda.cat\/portal\/wp-json\/wp\/v2\/tags?post=1446"}],"curies":[{"name":"wp","href":"https:\/\/api.w.org\/{rel}","templated":true}]}}