{"id":1451,"date":"2013-03-29T10:00:50","date_gmt":"2013-03-29T09:00:50","guid":{"rendered":"https:\/\/inclusioaltemporda.cat\/portal\/?p=1451"},"modified":"2014-03-04T20:14:22","modified_gmt":"2014-03-04T19:14:22","slug":"projecte-hotel-cost-zero-de-la-fundacio-roses-contra-el-cancer","status":"publish","type":"post","link":"https:\/\/inclusioaltemporda.cat\/portal\/projecte-hotel-cost-zero-de-la-fundacio-roses-contra-el-cancer\/","title":{"rendered":"Projecte Hotel Cost Zero de la Fundaci\u00f3 Roses contra el C\u00e0ncer"},"content":{"rendered":"<p><!--:CA-->La <a title=\"Fundaci\u00f3 Roses contra el C\u00e0ncer\" href=\"http:\/\/www.fundacioroses.org\/\">Fundaci\u00f3 Roses Contra el C\u00e0ncer<\/a> i l\u2019Hotel Ibis Budget de Girona han signat un conveni per a portar a terme el Projecte \u201cHotel Cost Zero\u201d mitjan\u00e7ant el qual s\u2019oferiran habitacions als familiars dels malalts de c\u00e0ncer de Roses quan aquests siguin tractats a l\u2019Hospital Josep Trueta de Girona o a l&#8217;Hospital Santa Caterina de Salt.<\/p>\n<p>Amb aquesta iniciativa es facilitar\u00e0 allotjament\u00a0 a aquells familiars que realitzen tasques de cuidadors principals i que s&#8217;han de despla\u00e7ar als hospitals per donar suport i acompanyament a la persona ingressada. Els familiars podran optar a aquest servei gratu\u00eftament per a estades de curta durada. L\u2019equip t\u00e8cnic de la Fundaci\u00f3 Roses contra el C\u00e0ncer valorar\u00e0 les necessitats socioecon\u00f2miques de cada fam\u00edlia abans de concedir l\u2019ajut i determinar\u00e0 el temps de l\u2019allotjament\u00a0 en cada cas.<!--:--><!--:en--><\/p>\n<p><!--:--><!--:fr--><\/p>\n<p><!--:--><!--:es--><\/p>\n<p><!--:--><\/p>\n","protected":false},"excerpt":{"rendered":"<p>La Fundaci\u00f3 Roses Contra el C\u00e0ncer i l\u2019Hotel Ibis Budget de Girona han signat un conveni per a portar a terme el Projecte \u201cHotel Cost Zero\u201d mitjan\u00e7ant el qual s\u2019oferiran&hellip;<\/p>\n","protected":false},"author":3,"featured_media":1452,"comment_status":"open","ping_status":"open","sticky":false,"template":"","format":"standard","meta":{"footnotes":""},"categories":[1],"tags":[24,63,17],"class_list":["post-1451","post","type-post","status-publish","format-standard","has-post-thumbnail","hentry","category-general","tag-inclusio-social","tag-roses-contra-el-cancer","tag-taula","category-1","description-off"],"_links":{"self":[{"href":"https:\/\/inclusioaltemporda.cat\/portal\/wp-json\/wp\/v2\/posts\/1451","targetHints":{"allow":["GET"]}}],"collection":[{"href":"https:\/\/inclusioaltemporda.cat\/portal\/wp-json\/wp\/v2\/posts"}],"about":[{"href":"https:\/\/inclusioaltemporda.cat\/portal\/wp-json\/wp\/v2\/types\/post"}],"author":[{"embeddable":true,"href":"https:\/\/inclusioaltemporda.cat\/portal\/wp-json\/wp\/v2\/users\/3"}],"replies":[{"embeddable":true,"href":"https:\/\/inclusioaltemporda.cat\/portal\/wp-json\/wp\/v2\/comments?post=1451"}],"version-history":[{"count":5,"href":"https:\/\/inclusioaltemporda.cat\/portal\/wp-json\/wp\/v2\/posts\/1451\/revisions"}],"predecessor-version":[{"id":3478,"href":"https:\/\/inclusioaltemporda.cat\/portal\/wp-json\/wp\/v2\/posts\/1451\/revisions\/3478"}],"wp:featuredmedia":[{"embeddable":true,"href":"https:\/\/inclusioaltemporda.cat\/portal\/wp-json\/wp\/v2\/media\/1452"}],"wp:attachment":[{"href":"https:\/\/inclusioaltemporda.cat\/portal\/wp-json\/wp\/v2\/media?parent=1451"}],"wp:term":[{"taxonomy":"category","embeddable":true,"href":"https:\/\/inclusioaltemporda.cat\/portal\/wp-json\/wp\/v2\/categories?post=1451"},{"taxonomy":"post_tag","embeddable":true,"href":"https:\/\/inclusioaltemporda.cat\/portal\/wp-json\/wp\/v2\/tags?post=1451"}],"curies":[{"name":"wp","href":"https:\/\/api.w.org\/{rel}","templated":true}]}}